{"id":974,"date":"2025-04-09T12:03:07","date_gmt":"2025-04-09T10:03:07","guid":{"rendered":"https:\/\/pppopoczno.pl\/?p=974"},"modified":"2025-04-17T13:11:53","modified_gmt":"2025-04-17T11:11:53","slug":"wielkanocne-karty-swiateczne-w-powiatowej-placowce-opiekunczo-wychowawczej-palacyk-w-mroczkowie-goscinnym","status":"publish","type":"post","link":"https:\/\/pppopoczno.pl\/?p=974","title":{"rendered":"\u201eWielkanocne Karty \u015awi\u0105teczne\u201d w Powiatowej Plac\u00f3wce Opieku\u0144czo \u2013 Wychowawczej \u201ePa\u0142acyk\u201d w Mroczkowie Go\u015bcinnym"},"content":{"rendered":"<p><img fetchpriority=\"high\" decoding=\"async\" class=\"size-full wp-image-989 aligncenter\" src=\"https:\/\/pppopoczno.pl\/wp-content\/uploads\/2025\/04\/489509031_1763763224419349_4934498539836967621_n-1.jpg\" alt=\"\" width=\"980\" height=\"200\" srcset=\"https:\/\/pppopoczno.pl\/wp-content\/uploads\/2025\/04\/489509031_1763763224419349_4934498539836967621_n-1.jpg 980w, https:\/\/pppopoczno.pl\/wp-content\/uploads\/2025\/04\/489509031_1763763224419349_4934498539836967621_n-1-300x61.jpg 300w, https:\/\/pppopoczno.pl\/wp-content\/uploads\/2025\/04\/489509031_1763763224419349_4934498539836967621_n-1-768x157.jpg 768w\" sizes=\"(max-width: 980px) 100vw, 980px\" \/><\/p>\n<p>Z wielk\u0105 przyjemno\u015bci\u0105 dzielimy si\u0119 wra\u017ceniami z dzisiejszych warsztat\u00f3w arteterapeutycznych pn. <strong>\u201eWielkanocne Karty \u015awi\u0105teczne\u201d<\/strong>, kt\u00f3re odby\u0142y si\u0119 dzi\u015b w Powiatowej Plac\u00f3wce Opieku\u0144czo \u2013 Wychowawczej \u201ePa\u0142acyk\u201d w Mroczkowie Go\u015bcinnym. Podopieczni plac\u00f3wki z wielkim entuzjazmem tworzyli pi\u0119kne dzie\u0142a sztuki z papieru, rozwijaj\u0105c swoj\u0105 kreatywno\u015b\u0107, kt\u00f3ra okaza\u0142a si\u0119 niesamowita! Dzi\u0119kujemy ka\u017cdemu uczestnikowi warsztat\u00f3w za Wasz wk\u0142ad w ten dzie\u0144, a Dyrektorowi Arkadiuszowi Nicie i Kadrze Plac\u00f3wki za zaproszenie i ciep\u0142e przyj\u0119cie.<!--more--><\/p>\n<style type=\"text\/css\">\n\t#foogallery-gallery-987 .fg-image {\n        width: 150px;\n    }\n<\/style>\n\t\t\t\t<div class=\"foogallery foogallery-container foogallery-default foogallery-lightbox-foogallery fg-gutter-10 fg-center fg-default fg-light fg-border-thin fg-shadow-outline fg-loading-default fg-loaded-fade-in fg-caption-hover fg-hover-fade fg-hover-zoom fg-ready\" id=\"foogallery-gallery-987\" data-foogallery=\"{&quot;item&quot;:{&quot;showCaptionTitle&quot;:true,&quot;showCaptionDescription&quot;:true},&quot;lazy&quot;:true}\" data-foogallery-lightbox=\"{&quot;thumbs&quot;:&quot;bottom&quot;,&quot;thumbsCaptions&quot;:false,&quot;thumbsBestFit&quot;:false,&quot;thumbsSmall&quot;:false,&quot;thumbsCaptionsAlign&quot;:&quot;default&quot;,&quot;info&quot;:&quot;bottom&quot;,&quot;infoVisible&quot;:true,&quot;infoOverlay&quot;:true,&quot;infoAlign&quot;:&quot;default&quot;,&quot;transition&quot;:&quot;fade&quot;,&quot;hoverButtons&quot;:false,&quot;fitMedia&quot;:false,&quot;noScrollbars&quot;:true,&quot;preserveButtonSpace&quot;:true,&quot;buttons&quot;:{&quot;fullscreen&quot;:true,&quot;info&quot;:true,&quot;thumbs&quot;:false},&quot;video&quot;:{&quot;autoPlay&quot;:true}}\" >\n\t<div class=\"fg-item fg-type-image fg-idle\"><figure class=\"fg-item-inner\"><a href=\"https:\/\/pppopoczno.pl\/wp-content\/uploads\/2025\/04\/489509031_1763763224419349_4934498539836967621_n.jpg\" data-caption-desc=\"\u201eWielkanocne Karty \u015awi\u0105teczne\u201d w Powiatowej Plac\u00f3wce Opieku\u0144czo \u2013 Wychowawczej \u201ePa\u0142acyk\u201d w Mroczkowie Go\u015bcinnym\" data-attachment-id=\"982\" data-e-disable-page-transition=\"true\" data-type=\"image\" class=\"fg-thumb\"><span class=\"fg-image-wrap\"><img decoding=\"async\" alt=\"\u201eWielkanocne Karty \u015awi\u0105teczne\u201d w Powiatowej Plac\u00f3wce Opieku\u0144czo \u2013 Wychowawczej \u201ePa\u0142acyk\u201d w Mroczkowie Go\u015bcinnym\" width=\"150\" height=\"150\" class=\"skip-lazy fg-image\" data-src-fg=\"https:\/\/pppopoczno.pl\/wp-content\/uploads\/cache\/2025\/04\/489509031_1763763224419349_4934498539836967621_n\/1355008986.jpg\" src=\"data:image\/svg+xml,%3Csvg%20xmlns%3D%22http%3A%2F%2Fwww.w3.org%2F2000%2Fsvg%22%20width%3D%22150%22%20height%3D%22150%22%20viewBox%3D%220%200%20150%20150%22%3E%3C%2Fsvg%3E\" loading=\"eager\"><\/span><span class=\"fg-image-overlay\"><\/span><\/a><figcaption class=\"fg-caption\"><div class=\"fg-caption-inner\"><div class=\"fg-caption-desc\">\u201eWielkanocne Karty \u015awi\u0105teczne\u201d w Powiatowej Plac\u00f3wce Opieku\u0144czo \u2013 Wychowawczej \u201ePa\u0142acyk\u201d w Mroczkowie Go\u015bcinnym<\/div><\/div><\/figcaption><\/figure><div class=\"fg-loader\"><\/div><\/div><div class=\"fg-item fg-type-image fg-idle\"><figure class=\"fg-item-inner\"><a href=\"https:\/\/pppopoczno.pl\/wp-content\/uploads\/2025\/04\/490026011_1763763481085990_5506766770218916441_n.jpg\" data-caption-desc=\"\u201eWielkanocne Karty \u015awi\u0105teczne\u201d w Powiatowej Plac\u00f3wce Opieku\u0144czo \u2013 Wychowawczej \u201ePa\u0142acyk\u201d w Mroczkowie Go\u015bcinnym\" data-attachment-id=\"986\" data-e-disable-page-transition=\"true\" data-type=\"image\" class=\"fg-thumb\"><span class=\"fg-image-wrap\"><img decoding=\"async\" alt=\"\u201eWielkanocne Karty \u015awi\u0105teczne\u201d w Powiatowej Plac\u00f3wce Opieku\u0144czo \u2013 Wychowawczej \u201ePa\u0142acyk\u201d w Mroczkowie Go\u015bcinnym\" width=\"150\" height=\"150\" class=\"skip-lazy fg-image\" data-src-fg=\"https:\/\/pppopoczno.pl\/wp-content\/uploads\/cache\/2025\/04\/490026011_1763763481085990_5506766770218916441_n\/473934130.jpg\" src=\"data:image\/svg+xml,%3Csvg%20xmlns%3D%22http%3A%2F%2Fwww.w3.org%2F2000%2Fsvg%22%20width%3D%22150%22%20height%3D%22150%22%20viewBox%3D%220%200%20150%20150%22%3E%3C%2Fsvg%3E\" loading=\"eager\"><\/span><span class=\"fg-image-overlay\"><\/span><\/a><figcaption class=\"fg-caption\"><div class=\"fg-caption-inner\"><div class=\"fg-caption-desc\">\u201eWielkanocne Karty \u015awi\u0105teczne\u201d w Powiatowej Plac\u00f3wce Opieku\u0144czo \u2013 Wychowawczej \u201ePa\u0142acyk\u201d w Mroczkowie Go\u015bcinnym<\/div><\/div><\/figcaption><\/figure><div class=\"fg-loader\"><\/div><\/div><div class=\"fg-item fg-type-image fg-idle\"><figure class=\"fg-item-inner\"><a href=\"https:\/\/pppopoczno.pl\/wp-content\/uploads\/2025\/04\/489768211_1763763551085983_6029473001961431489_n.jpg\" data-caption-desc=\"\u201eWielkanocne Karty \u015awi\u0105teczne\u201d w Powiatowej Plac\u00f3wce Opieku\u0144czo \u2013 Wychowawczej \u201ePa\u0142acyk\u201d w Mroczkowie Go\u015bcinnym\" data-attachment-id=\"985\" data-e-disable-page-transition=\"true\" data-type=\"image\" class=\"fg-thumb\"><span class=\"fg-image-wrap\"><img decoding=\"async\" alt=\"\u201eWielkanocne Karty \u015awi\u0105teczne\u201d w Powiatowej Plac\u00f3wce Opieku\u0144czo \u2013 Wychowawczej \u201ePa\u0142acyk\u201d w Mroczkowie Go\u015bcinnym\" width=\"150\" height=\"150\" class=\"skip-lazy fg-image\" data-src-fg=\"https:\/\/pppopoczno.pl\/wp-content\/uploads\/cache\/2025\/04\/489768211_1763763551085983_6029473001961431489_n\/2162201945.jpg\" src=\"data:image\/svg+xml,%3Csvg%20xmlns%3D%22http%3A%2F%2Fwww.w3.org%2F2000%2Fsvg%22%20width%3D%22150%22%20height%3D%22150%22%20viewBox%3D%220%200%20150%20150%22%3E%3C%2Fsvg%3E\" loading=\"eager\"><\/span><span class=\"fg-image-overlay\"><\/span><\/a><figcaption class=\"fg-caption\"><div class=\"fg-caption-inner\"><div class=\"fg-caption-desc\">\u201eWielkanocne Karty \u015awi\u0105teczne\u201d w Powiatowej Plac\u00f3wce Opieku\u0144czo \u2013 Wychowawczej \u201ePa\u0142acyk\u201d w Mroczkowie Go\u015bcinnym<\/div><\/div><\/figcaption><\/figure><div class=\"fg-loader\"><\/div><\/div><div class=\"fg-item fg-type-image fg-idle\"><figure class=\"fg-item-inner\"><a href=\"https:\/\/pppopoczno.pl\/wp-content\/uploads\/2025\/04\/489565277_1763763417752663_7303894070220844945_n.jpg\" data-caption-desc=\"\u201eWielkanocne Karty \u015awi\u0105teczne\u201d w Powiatowej Plac\u00f3wce Opieku\u0144czo \u2013 Wychowawczej \u201ePa\u0142acyk\u201d w Mroczkowie Go\u015bcinnym\" data-attachment-id=\"984\" data-e-disable-page-transition=\"true\" data-type=\"image\" class=\"fg-thumb\"><span class=\"fg-image-wrap\"><img decoding=\"async\" alt=\"\u201eWielkanocne Karty \u015awi\u0105teczne\u201d w Powiatowej Plac\u00f3wce Opieku\u0144czo \u2013 Wychowawczej \u201ePa\u0142acyk\u201d w Mroczkowie Go\u015bcinnym\" width=\"150\" height=\"150\" class=\"skip-lazy fg-image\" data-src-fg=\"https:\/\/pppopoczno.pl\/wp-content\/uploads\/cache\/2025\/04\/489565277_1763763417752663_7303894070220844945_n\/1345786903.jpg\" src=\"data:image\/svg+xml,%3Csvg%20xmlns%3D%22http%3A%2F%2Fwww.w3.org%2F2000%2Fsvg%22%20width%3D%22150%22%20height%3D%22150%22%20viewBox%3D%220%200%20150%20150%22%3E%3C%2Fsvg%3E\" loading=\"eager\"><\/span><span class=\"fg-image-overlay\"><\/span><\/a><figcaption class=\"fg-caption\"><div class=\"fg-caption-inner\"><div class=\"fg-caption-desc\">\u201eWielkanocne Karty \u015awi\u0105teczne\u201d w Powiatowej Plac\u00f3wce Opieku\u0144czo \u2013 Wychowawczej \u201ePa\u0142acyk\u201d w Mroczkowie Go\u015bcinnym<\/div><\/div><\/figcaption><\/figure><div class=\"fg-loader\"><\/div><\/div><div class=\"fg-item fg-type-image fg-idle\"><figure class=\"fg-item-inner\"><a href=\"https:\/\/pppopoczno.pl\/wp-content\/uploads\/2025\/04\/489539106_1763763384419333_3970677940326464674_n.jpg\" data-caption-desc=\"\u201eWielkanocne Karty \u015awi\u0105teczne\u201d w Powiatowej Plac\u00f3wce Opieku\u0144czo \u2013 Wychowawczej \u201ePa\u0142acyk\u201d w Mroczkowie Go\u015bcinnym\" data-attachment-id=\"983\" data-e-disable-page-transition=\"true\" data-type=\"image\" class=\"fg-thumb\"><span class=\"fg-image-wrap\"><img decoding=\"async\" alt=\"\u201eWielkanocne Karty \u015awi\u0105teczne\u201d w Powiatowej Plac\u00f3wce Opieku\u0144czo \u2013 Wychowawczej \u201ePa\u0142acyk\u201d w Mroczkowie Go\u015bcinnym\" width=\"150\" height=\"150\" class=\"skip-lazy fg-image\" data-src-fg=\"https:\/\/pppopoczno.pl\/wp-content\/uploads\/cache\/2025\/04\/489539106_1763763384419333_3970677940326464674_n\/3842742828.jpg\" src=\"data:image\/svg+xml,%3Csvg%20xmlns%3D%22http%3A%2F%2Fwww.w3.org%2F2000%2Fsvg%22%20width%3D%22150%22%20height%3D%22150%22%20viewBox%3D%220%200%20150%20150%22%3E%3C%2Fsvg%3E\" loading=\"eager\"><\/span><span class=\"fg-image-overlay\"><\/span><\/a><figcaption class=\"fg-caption\"><div class=\"fg-caption-inner\"><div class=\"fg-caption-desc\">\u201eWielkanocne Karty \u015awi\u0105teczne\u201d w Powiatowej Plac\u00f3wce Opieku\u0144czo \u2013 Wychowawczej \u201ePa\u0142acyk\u201d w Mroczkowie Go\u015bcinnym<\/div><\/div><\/figcaption><\/figure><div class=\"fg-loader\"><\/div><\/div><div class=\"fg-item fg-type-image fg-idle\"><figure class=\"fg-item-inner\"><a href=\"https:\/\/pppopoczno.pl\/wp-content\/uploads\/2025\/04\/489449356_1763763517752653_8369913163416376344_n.jpg\" data-caption-desc=\"\u201eWielkanocne Karty \u015awi\u0105teczne\u201d w Powiatowej Plac\u00f3wce Opieku\u0144czo \u2013 Wychowawczej \u201ePa\u0142acyk\u201d w Mroczkowie Go\u015bcinnym\" data-attachment-id=\"981\" data-e-disable-page-transition=\"true\" data-type=\"image\" class=\"fg-thumb\"><span class=\"fg-image-wrap\"><img decoding=\"async\" alt=\"\u201eWielkanocne Karty \u015awi\u0105teczne\u201d w Powiatowej Plac\u00f3wce Opieku\u0144czo \u2013 Wychowawczej \u201ePa\u0142acyk\u201d w Mroczkowie Go\u015bcinnym\" width=\"150\" height=\"150\" class=\"skip-lazy fg-image\" data-src-fg=\"https:\/\/pppopoczno.pl\/wp-content\/uploads\/cache\/2025\/04\/489449356_1763763517752653_8369913163416376344_n\/2316838079.jpg\" src=\"data:image\/svg+xml,%3Csvg%20xmlns%3D%22http%3A%2F%2Fwww.w3.org%2F2000%2Fsvg%22%20width%3D%22150%22%20height%3D%22150%22%20viewBox%3D%220%200%20150%20150%22%3E%3C%2Fsvg%3E\" loading=\"eager\"><\/span><span class=\"fg-image-overlay\"><\/span><\/a><figcaption class=\"fg-caption\"><div class=\"fg-caption-inner\"><div class=\"fg-caption-desc\">\u201eWielkanocne Karty \u015awi\u0105teczne\u201d w Powiatowej Plac\u00f3wce Opieku\u0144czo \u2013 Wychowawczej \u201ePa\u0142acyk\u201d w Mroczkowie Go\u015bcinnym<\/div><\/div><\/figcaption><\/figure><div class=\"fg-loader\"><\/div><\/div><div class=\"fg-item fg-type-image fg-idle\"><figure class=\"fg-item-inner\"><a href=\"https:\/\/pppopoczno.pl\/wp-content\/uploads\/2025\/04\/489446681_1763763574419314_5589406106941896453_n.jpg\" data-caption-desc=\"\u201eWielkanocne Karty \u015awi\u0105teczne\u201d w Powiatowej Plac\u00f3wce Opieku\u0144czo \u2013 Wychowawczej \u201ePa\u0142acyk\u201d w Mroczkowie Go\u015bcinnym\" data-attachment-id=\"980\" data-e-disable-page-transition=\"true\" data-type=\"image\" class=\"fg-thumb\"><span class=\"fg-image-wrap\"><img decoding=\"async\" alt=\"\u201eWielkanocne Karty \u015awi\u0105teczne\u201d w Powiatowej Plac\u00f3wce Opieku\u0144czo \u2013 Wychowawczej \u201ePa\u0142acyk\u201d w Mroczkowie Go\u015bcinnym\" width=\"150\" height=\"150\" class=\"skip-lazy fg-image\" data-src-fg=\"https:\/\/pppopoczno.pl\/wp-content\/uploads\/cache\/2025\/04\/489446681_1763763574419314_5589406106941896453_n\/1069194921.jpg\" src=\"data:image\/svg+xml,%3Csvg%20xmlns%3D%22http%3A%2F%2Fwww.w3.org%2F2000%2Fsvg%22%20width%3D%22150%22%20height%3D%22150%22%20viewBox%3D%220%200%20150%20150%22%3E%3C%2Fsvg%3E\" loading=\"eager\"><\/span><span class=\"fg-image-overlay\"><\/span><\/a><figcaption class=\"fg-caption\"><div class=\"fg-caption-inner\"><div class=\"fg-caption-desc\">\u201eWielkanocne Karty \u015awi\u0105teczne\u201d w Powiatowej Plac\u00f3wce Opieku\u0144czo \u2013 Wychowawczej \u201ePa\u0142acyk\u201d w Mroczkowie Go\u015bcinnym<\/div><\/div><\/figcaption><\/figure><div class=\"fg-loader\"><\/div><\/div><div class=\"fg-item fg-type-image fg-idle\"><figure class=\"fg-item-inner\"><a href=\"https:\/\/pppopoczno.pl\/wp-content\/uploads\/2025\/04\/489429761_1763763347752670_2712061167396704449_n.jpg\" data-caption-desc=\"\u201eWielkanocne Karty \u015awi\u0105teczne\u201d w Powiatowej Plac\u00f3wce Opieku\u0144czo \u2013 Wychowawczej \u201ePa\u0142acyk\u201d w Mroczkowie Go\u015bcinnym\" data-attachment-id=\"979\" data-e-disable-page-transition=\"true\" data-type=\"image\" class=\"fg-thumb\"><span class=\"fg-image-wrap\"><img decoding=\"async\" alt=\"\u201eWielkanocne Karty \u015awi\u0105teczne\u201d w Powiatowej Plac\u00f3wce Opieku\u0144czo \u2013 Wychowawczej \u201ePa\u0142acyk\u201d w Mroczkowie Go\u015bcinnym\" width=\"150\" height=\"150\" class=\"skip-lazy fg-image\" data-src-fg=\"https:\/\/pppopoczno.pl\/wp-content\/uploads\/cache\/2025\/04\/489429761_1763763347752670_2712061167396704449_n\/1908968015.jpg\" src=\"data:image\/svg+xml,%3Csvg%20xmlns%3D%22http%3A%2F%2Fwww.w3.org%2F2000%2Fsvg%22%20width%3D%22150%22%20height%3D%22150%22%20viewBox%3D%220%200%20150%20150%22%3E%3C%2Fsvg%3E\" loading=\"eager\"><\/span><span class=\"fg-image-overlay\"><\/span><\/a><figcaption class=\"fg-caption\"><div class=\"fg-caption-inner\"><div class=\"fg-caption-desc\">\u201eWielkanocne Karty \u015awi\u0105teczne\u201d w Powiatowej Plac\u00f3wce Opieku\u0144czo \u2013 Wychowawczej \u201ePa\u0142acyk\u201d w Mroczkowie Go\u015bcinnym<\/div><\/div><\/figcaption><\/figure><div class=\"fg-loader\"><\/div><\/div><div class=\"fg-item fg-type-image fg-idle\"><figure class=\"fg-item-inner\"><a href=\"https:\/\/pppopoczno.pl\/wp-content\/uploads\/2025\/04\/489183054_1763763251086013_2890106055586589238_n.jpg\" data-caption-desc=\"\u201eWielkanocne Karty \u015awi\u0105teczne\u201d w Powiatowej Plac\u00f3wce Opieku\u0144czo \u2013 Wychowawczej \u201ePa\u0142acyk\u201d w Mroczkowie Go\u015bcinnym\" data-attachment-id=\"978\" data-e-disable-page-transition=\"true\" data-type=\"image\" class=\"fg-thumb\"><span class=\"fg-image-wrap\"><img decoding=\"async\" alt=\"\u201eWielkanocne Karty \u015awi\u0105teczne\u201d w Powiatowej Plac\u00f3wce Opieku\u0144czo \u2013 Wychowawczej \u201ePa\u0142acyk\u201d w Mroczkowie Go\u015bcinnym\" width=\"150\" height=\"150\" class=\"skip-lazy fg-image\" data-src-fg=\"https:\/\/pppopoczno.pl\/wp-content\/uploads\/cache\/2025\/04\/489183054_1763763251086013_2890106055586589238_n\/1919697269.jpg\" src=\"data:image\/svg+xml,%3Csvg%20xmlns%3D%22http%3A%2F%2Fwww.w3.org%2F2000%2Fsvg%22%20width%3D%22150%22%20height%3D%22150%22%20viewBox%3D%220%200%20150%20150%22%3E%3C%2Fsvg%3E\" loading=\"eager\"><\/span><span class=\"fg-image-overlay\"><\/span><\/a><figcaption class=\"fg-caption\"><div class=\"fg-caption-inner\"><div class=\"fg-caption-desc\">\u201eWielkanocne Karty \u015awi\u0105teczne\u201d w Powiatowej Plac\u00f3wce Opieku\u0144czo \u2013 Wychowawczej \u201ePa\u0142acyk\u201d w Mroczkowie Go\u015bcinnym<\/div><\/div><\/figcaption><\/figure><div class=\"fg-loader\"><\/div><\/div><div class=\"fg-item fg-type-image fg-idle\"><figure class=\"fg-item-inner\"><a href=\"https:\/\/pppopoczno.pl\/wp-content\/uploads\/2025\/04\/488965949_1763763454419326_3557020570191952956_n.jpg\" data-caption-desc=\"\u201eWielkanocne Karty \u015awi\u0105teczne\u201d w Powiatowej Plac\u00f3wce Opieku\u0144czo \u2013 Wychowawczej \u201ePa\u0142acyk\u201d w Mroczkowie Go\u015bcinnym\" data-attachment-id=\"977\" data-e-disable-page-transition=\"true\" data-type=\"image\" class=\"fg-thumb\"><span class=\"fg-image-wrap\"><img decoding=\"async\" alt=\"\u201eWielkanocne Karty \u015awi\u0105teczne\u201d w Powiatowej Plac\u00f3wce Opieku\u0144czo \u2013 Wychowawczej \u201ePa\u0142acyk\u201d w Mroczkowie Go\u015bcinnym\" width=\"150\" height=\"150\" class=\"skip-lazy fg-image\" data-src-fg=\"https:\/\/pppopoczno.pl\/wp-content\/uploads\/cache\/2025\/04\/488965949_1763763454419326_3557020570191952956_n\/2736525487.jpg\" src=\"data:image\/svg+xml,%3Csvg%20xmlns%3D%22http%3A%2F%2Fwww.w3.org%2F2000%2Fsvg%22%20width%3D%22150%22%20height%3D%22150%22%20viewBox%3D%220%200%20150%20150%22%3E%3C%2Fsvg%3E\" loading=\"eager\"><\/span><span class=\"fg-image-overlay\"><\/span><\/a><figcaption class=\"fg-caption\"><div class=\"fg-caption-inner\"><div class=\"fg-caption-desc\">\u201eWielkanocne Karty \u015awi\u0105teczne\u201d w Powiatowej Plac\u00f3wce Opieku\u0144czo \u2013 Wychowawczej \u201ePa\u0142acyk\u201d w Mroczkowie Go\u015bcinnym<\/div><\/div><\/figcaption><\/figure><div class=\"fg-loader\"><\/div><\/div><\/div>\n\n<p><strong>Autor artyku\u0142u:<\/strong> Monika Szwagrzyk (pedagog PPP Opoczno), Agnieszka Mrowi\u0144ska (pedagog PPP, filia w Drzewicy)<br \/>\n<strong>Zdj\u0119cia:<\/strong> PPP Opoczno, za zgod\u0105 Dyrektora POW<\/p>\n","protected":false},"excerpt":{"rendered":"<p>Z wielk\u0105 przyjemno\u015bci\u0105 dzielimy si\u0119 wra\u017ceniami z dzisiejszych warsztat\u00f3w arteterapeutycznych pn. \u201eWielkanocne Karty \u015awi\u0105teczne\u201d, kt\u00f3re odby\u0142y si\u0119 dzi\u015b w Powiatowej Plac\u00f3wce Opieku\u0144czo \u2013 Wychowawczej \u201ePa\u0142acyk\u201d w Mroczkowie Go\u015bcinnym. Podopieczni plac\u00f3wki z wielkim entuzjazmem tworzyli pi\u0119kne dzie\u0142a sztuki z papieru, rozwijaj\u0105c swoj\u0105 kreatywno\u015b\u0107, kt\u00f3ra okaza\u0142a si\u0119 niesamowita! Dzi\u0119kujemy ka\u017cdemu uczestnikowi warsztat\u00f3w za Wasz wk\u0142ad w ten [&hellip;]<\/p>\n","protected":false},"author":1,"featured_media":0,"comment_status":"closed","ping_status":"closed","sticky":false,"template":"","format":"standard","meta":{"footnotes":""},"categories":[4],"tags":[],"class_list":["post-974","post","type-post","status-publish","format-standard","hentry","category-glowna-aktualnosci"],"yoast_head":"<!-- This site is optimized with the Yoast SEO plugin v26.0 - https:\/\/yoast.com\/wordpress\/plugins\/seo\/ -->\n<title>\u201eWielkanocne Karty \u015awi\u0105teczne\u201d w Powiatowej Plac\u00f3wce Opieku\u0144czo \u2013 Wychowawczej \u201ePa\u0142acyk\u201d w Mroczkowie Go\u015bcinnym - Poradnia Psychologiczno-Pedagogiczna w Opocznie z fili\u0105 w Drzewicy<\/title>\n<meta name=\"robots\" content=\"index, follow, max-snippet:-1, max-image-preview:large, max-video-preview:-1\" \/>\n<link rel=\"canonical\" href=\"https:\/\/pppopoczno.pl\/?p=974\" \/>\n<meta property=\"og:locale\" content=\"pl_PL\" \/>\n<meta property=\"og:type\" content=\"article\" \/>\n<meta property=\"og:title\" content=\"\u201eWielkanocne Karty \u015awi\u0105teczne\u201d w Powiatowej Plac\u00f3wce Opieku\u0144czo \u2013 Wychowawczej \u201ePa\u0142acyk\u201d w Mroczkowie Go\u015bcinnym - Poradnia Psychologiczno-Pedagogiczna w Opocznie z fili\u0105 w Drzewicy\" \/>\n<meta property=\"og:description\" content=\"Z wielk\u0105 przyjemno\u015bci\u0105 dzielimy si\u0119 wra\u017ceniami z dzisiejszych warsztat\u00f3w arteterapeutycznych pn. \u201eWielkanocne Karty \u015awi\u0105teczne\u201d, kt\u00f3re odby\u0142y si\u0119 dzi\u015b w Powiatowej Plac\u00f3wce Opieku\u0144czo \u2013 Wychowawczej \u201ePa\u0142acyk\u201d w Mroczkowie Go\u015bcinnym. Podopieczni plac\u00f3wki z wielkim entuzjazmem tworzyli pi\u0119kne dzie\u0142a sztuki z papieru, rozwijaj\u0105c swoj\u0105 kreatywno\u015b\u0107, kt\u00f3ra okaza\u0142a si\u0119 niesamowita! Dzi\u0119kujemy ka\u017cdemu uczestnikowi warsztat\u00f3w za Wasz wk\u0142ad w ten [&hellip;]\" \/>\n<meta property=\"og:url\" content=\"https:\/\/pppopoczno.pl\/?p=974\" \/>\n<meta property=\"og:site_name\" content=\"Poradnia Psychologiczno-Pedagogiczna w Opocznie z fili\u0105 w Drzewicy\" \/>\n<meta property=\"article:published_time\" content=\"2025-04-09T10:03:07+00:00\" \/>\n<meta property=\"article:modified_time\" content=\"2025-04-17T11:11:53+00:00\" \/>\n<meta property=\"og:image\" content=\"https:\/\/pppopoczno.pl\/wp-content\/uploads\/2025\/04\/489509031_1763763224419349_4934498539836967621_n-1.jpg\" \/>\n\t<meta property=\"og:image:width\" content=\"980\" \/>\n\t<meta property=\"og:image:height\" content=\"200\" \/>\n\t<meta property=\"og:image:type\" content=\"image\/jpeg\" \/>\n<meta name=\"author\" content=\"admin\" \/>\n<meta name=\"twitter:card\" content=\"summary_large_image\" \/>\n<meta name=\"twitter:label1\" content=\"Napisane przez\" \/>\n\t<meta name=\"twitter:data1\" content=\"admin\" \/>\n\t<meta name=\"twitter:label2\" content=\"Szacowany czas czytania\" \/>\n\t<meta name=\"twitter:data2\" content=\"1 minuta\" \/>\n<script type=\"application\/ld+json\" class=\"yoast-schema-graph\">{\"@context\":\"https:\/\/schema.org\",\"@graph\":[{\"@type\":\"Article\",\"@id\":\"https:\/\/pppopoczno.pl\/?p=974#article\",\"isPartOf\":{\"@id\":\"https:\/\/pppopoczno.pl\/?p=974\"},\"author\":{\"name\":\"admin\",\"@id\":\"https:\/\/pppopoczno.pl\/#\/schema\/person\/be528a9b182354facc9629bb9c3d792f\"},\"headline\":\"\u201eWielkanocne Karty \u015awi\u0105teczne\u201d w Powiatowej Plac\u00f3wce Opieku\u0144czo \u2013 Wychowawczej \u201ePa\u0142acyk\u201d w Mroczkowie Go\u015bcinnym\",\"datePublished\":\"2025-04-09T10:03:07+00:00\",\"dateModified\":\"2025-04-17T11:11:53+00:00\",\"mainEntityOfPage\":{\"@id\":\"https:\/\/pppopoczno.pl\/?p=974\"},\"wordCount\":133,\"publisher\":{\"@id\":\"https:\/\/pppopoczno.pl\/#organization\"},\"image\":{\"@id\":\"https:\/\/pppopoczno.pl\/?p=974#primaryimage\"},\"thumbnailUrl\":\"https:\/\/pppopoczno.pl\/wp-content\/uploads\/2025\/04\/489509031_1763763224419349_4934498539836967621_n-1.jpg\",\"articleSection\":[\"G\u0141\u00d3WNA (aktualno\u015bci)\"],\"inLanguage\":\"pl-PL\"},{\"@type\":\"WebPage\",\"@id\":\"https:\/\/pppopoczno.pl\/?p=974\",\"url\":\"https:\/\/pppopoczno.pl\/?p=974\",\"name\":\"\u201eWielkanocne Karty \u015awi\u0105teczne\u201d w Powiatowej Plac\u00f3wce Opieku\u0144czo \u2013 Wychowawczej \u201ePa\u0142acyk\u201d w Mroczkowie Go\u015bcinnym - Poradnia Psychologiczno-Pedagogiczna w Opocznie z fili\u0105 w Drzewicy\",\"isPartOf\":{\"@id\":\"https:\/\/pppopoczno.pl\/#website\"},\"primaryImageOfPage\":{\"@id\":\"https:\/\/pppopoczno.pl\/?p=974#primaryimage\"},\"image\":{\"@id\":\"https:\/\/pppopoczno.pl\/?p=974#primaryimage\"},\"thumbnailUrl\":\"https:\/\/pppopoczno.pl\/wp-content\/uploads\/2025\/04\/489509031_1763763224419349_4934498539836967621_n-1.jpg\",\"datePublished\":\"2025-04-09T10:03:07+00:00\",\"dateModified\":\"2025-04-17T11:11:53+00:00\",\"inLanguage\":\"pl-PL\",\"potentialAction\":[{\"@type\":\"ReadAction\",\"target\":[\"https:\/\/pppopoczno.pl\/?p=974\"]}]},{\"@type\":\"ImageObject\",\"inLanguage\":\"pl-PL\",\"@id\":\"https:\/\/pppopoczno.pl\/?p=974#primaryimage\",\"url\":\"https:\/\/pppopoczno.pl\/wp-content\/uploads\/2025\/04\/489509031_1763763224419349_4934498539836967621_n-1.jpg\",\"contentUrl\":\"https:\/\/pppopoczno.pl\/wp-content\/uploads\/2025\/04\/489509031_1763763224419349_4934498539836967621_n-1.jpg\",\"width\":980,\"height\":200},{\"@type\":\"WebSite\",\"@id\":\"https:\/\/pppopoczno.pl\/#website\",\"url\":\"https:\/\/pppopoczno.pl\/\",\"name\":\"Poradnia Psychologiczno-Pedagogiczna w Opocznie z fili\u0105 w Drzewicy\",\"description\":\"&quot;Cz\u0142owiek jest tyle wart, ile mo\u017ce da\u0107 drugiemu cz\u0142owiekowi&quot; \u2013 Jan Pawe\u0142 II\",\"publisher\":{\"@id\":\"https:\/\/pppopoczno.pl\/#organization\"},\"potentialAction\":[{\"@type\":\"SearchAction\",\"target\":{\"@type\":\"EntryPoint\",\"urlTemplate\":\"https:\/\/pppopoczno.pl\/?s={search_term_string}\"},\"query-input\":{\"@type\":\"PropertyValueSpecification\",\"valueRequired\":true,\"valueName\":\"search_term_string\"}}],\"inLanguage\":\"pl-PL\"},{\"@type\":\"Organization\",\"@id\":\"https:\/\/pppopoczno.pl\/#organization\",\"name\":\"Poradnia Psychologiczno-Pedagogiczna w Opocznie z fili\u0105 w Drzewicy\",\"url\":\"https:\/\/pppopoczno.pl\/\",\"logo\":{\"@type\":\"ImageObject\",\"inLanguage\":\"pl-PL\",\"@id\":\"https:\/\/pppopoczno.pl\/#\/schema\/logo\/image\/\",\"url\":\"\",\"contentUrl\":\"\",\"caption\":\"Poradnia Psychologiczno-Pedagogiczna w Opocznie z fili\u0105 w Drzewicy\"},\"image\":{\"@id\":\"https:\/\/pppopoczno.pl\/#\/schema\/logo\/image\/\"}},{\"@type\":\"Person\",\"@id\":\"https:\/\/pppopoczno.pl\/#\/schema\/person\/be528a9b182354facc9629bb9c3d792f\",\"name\":\"admin\",\"image\":{\"@type\":\"ImageObject\",\"inLanguage\":\"pl-PL\",\"@id\":\"https:\/\/pppopoczno.pl\/#\/schema\/person\/image\/\",\"url\":\"https:\/\/secure.gravatar.com\/avatar\/417e349a5b751537e909d25725ed2ea5bccc94139a30d2fb92eccb24c091167d?s=96&d=mm&r=g\",\"contentUrl\":\"https:\/\/secure.gravatar.com\/avatar\/417e349a5b751537e909d25725ed2ea5bccc94139a30d2fb92eccb24c091167d?s=96&d=mm&r=g\",\"caption\":\"admin\"},\"sameAs\":[\"http:\/\/pppopoczno.pl\"],\"url\":\"https:\/\/pppopoczno.pl\/?author=1\"}]}<\/script>\n<!-- \/ Yoast SEO plugin. -->","yoast_head_json":{"title":"\u201eWielkanocne Karty \u015awi\u0105teczne\u201d w Powiatowej Plac\u00f3wce Opieku\u0144czo \u2013 Wychowawczej \u201ePa\u0142acyk\u201d w Mroczkowie Go\u015bcinnym - Poradnia Psychologiczno-Pedagogiczna w Opocznie z fili\u0105 w Drzewicy","robots":{"index":"index","follow":"follow","max-snippet":"max-snippet:-1","max-image-preview":"max-image-preview:large","max-video-preview":"max-video-preview:-1"},"canonical":"https:\/\/pppopoczno.pl\/?p=974","og_locale":"pl_PL","og_type":"article","og_title":"\u201eWielkanocne Karty \u015awi\u0105teczne\u201d w Powiatowej Plac\u00f3wce Opieku\u0144czo \u2013 Wychowawczej \u201ePa\u0142acyk\u201d w Mroczkowie Go\u015bcinnym - Poradnia Psychologiczno-Pedagogiczna w Opocznie z fili\u0105 w Drzewicy","og_description":"Z wielk\u0105 przyjemno\u015bci\u0105 dzielimy si\u0119 wra\u017ceniami z dzisiejszych warsztat\u00f3w arteterapeutycznych pn. \u201eWielkanocne Karty \u015awi\u0105teczne\u201d, kt\u00f3re odby\u0142y si\u0119 dzi\u015b w Powiatowej Plac\u00f3wce Opieku\u0144czo \u2013 Wychowawczej \u201ePa\u0142acyk\u201d w Mroczkowie Go\u015bcinnym. Podopieczni plac\u00f3wki z wielkim entuzjazmem tworzyli pi\u0119kne dzie\u0142a sztuki z papieru, rozwijaj\u0105c swoj\u0105 kreatywno\u015b\u0107, kt\u00f3ra okaza\u0142a si\u0119 niesamowita! Dzi\u0119kujemy ka\u017cdemu uczestnikowi warsztat\u00f3w za Wasz wk\u0142ad w ten [&hellip;]","og_url":"https:\/\/pppopoczno.pl\/?p=974","og_site_name":"Poradnia Psychologiczno-Pedagogiczna w Opocznie z fili\u0105 w Drzewicy","article_published_time":"2025-04-09T10:03:07+00:00","article_modified_time":"2025-04-17T11:11:53+00:00","og_image":[{"width":980,"height":200,"url":"https:\/\/pppopoczno.pl\/wp-content\/uploads\/2025\/04\/489509031_1763763224419349_4934498539836967621_n-1.jpg","type":"image\/jpeg"}],"author":"admin","twitter_card":"summary_large_image","twitter_misc":{"Napisane przez":"admin","Szacowany czas czytania":"1 minuta"},"schema":{"@context":"https:\/\/schema.org","@graph":[{"@type":"Article","@id":"https:\/\/pppopoczno.pl\/?p=974#article","isPartOf":{"@id":"https:\/\/pppopoczno.pl\/?p=974"},"author":{"name":"admin","@id":"https:\/\/pppopoczno.pl\/#\/schema\/person\/be528a9b182354facc9629bb9c3d792f"},"headline":"\u201eWielkanocne Karty \u015awi\u0105teczne\u201d w Powiatowej Plac\u00f3wce Opieku\u0144czo \u2013 Wychowawczej \u201ePa\u0142acyk\u201d w Mroczkowie Go\u015bcinnym","datePublished":"2025-04-09T10:03:07+00:00","dateModified":"2025-04-17T11:11:53+00:00","mainEntityOfPage":{"@id":"https:\/\/pppopoczno.pl\/?p=974"},"wordCount":133,"publisher":{"@id":"https:\/\/pppopoczno.pl\/#organization"},"image":{"@id":"https:\/\/pppopoczno.pl\/?p=974#primaryimage"},"thumbnailUrl":"https:\/\/pppopoczno.pl\/wp-content\/uploads\/2025\/04\/489509031_1763763224419349_4934498539836967621_n-1.jpg","articleSection":["G\u0141\u00d3WNA (aktualno\u015bci)"],"inLanguage":"pl-PL"},{"@type":"WebPage","@id":"https:\/\/pppopoczno.pl\/?p=974","url":"https:\/\/pppopoczno.pl\/?p=974","name":"\u201eWielkanocne Karty \u015awi\u0105teczne\u201d w Powiatowej Plac\u00f3wce Opieku\u0144czo \u2013 Wychowawczej \u201ePa\u0142acyk\u201d w Mroczkowie Go\u015bcinnym - Poradnia Psychologiczno-Pedagogiczna w Opocznie z fili\u0105 w Drzewicy","isPartOf":{"@id":"https:\/\/pppopoczno.pl\/#website"},"primaryImageOfPage":{"@id":"https:\/\/pppopoczno.pl\/?p=974#primaryimage"},"image":{"@id":"https:\/\/pppopoczno.pl\/?p=974#primaryimage"},"thumbnailUrl":"https:\/\/pppopoczno.pl\/wp-content\/uploads\/2025\/04\/489509031_1763763224419349_4934498539836967621_n-1.jpg","datePublished":"2025-04-09T10:03:07+00:00","dateModified":"2025-04-17T11:11:53+00:00","inLanguage":"pl-PL","potentialAction":[{"@type":"ReadAction","target":["https:\/\/pppopoczno.pl\/?p=974"]}]},{"@type":"ImageObject","inLanguage":"pl-PL","@id":"https:\/\/pppopoczno.pl\/?p=974#primaryimage","url":"https:\/\/pppopoczno.pl\/wp-content\/uploads\/2025\/04\/489509031_1763763224419349_4934498539836967621_n-1.jpg","contentUrl":"https:\/\/pppopoczno.pl\/wp-content\/uploads\/2025\/04\/489509031_1763763224419349_4934498539836967621_n-1.jpg","width":980,"height":200},{"@type":"WebSite","@id":"https:\/\/pppopoczno.pl\/#website","url":"https:\/\/pppopoczno.pl\/","name":"Poradnia Psychologiczno-Pedagogiczna w Opocznie z fili\u0105 w Drzewicy","description":"&quot;Cz\u0142owiek jest tyle wart, ile mo\u017ce da\u0107 drugiemu cz\u0142owiekowi&quot; \u2013 Jan Pawe\u0142 II","publisher":{"@id":"https:\/\/pppopoczno.pl\/#organization"},"potentialAction":[{"@type":"SearchAction","target":{"@type":"EntryPoint","urlTemplate":"https:\/\/pppopoczno.pl\/?s={search_term_string}"},"query-input":{"@type":"PropertyValueSpecification","valueRequired":true,"valueName":"search_term_string"}}],"inLanguage":"pl-PL"},{"@type":"Organization","@id":"https:\/\/pppopoczno.pl\/#organization","name":"Poradnia Psychologiczno-Pedagogiczna w Opocznie z fili\u0105 w Drzewicy","url":"https:\/\/pppopoczno.pl\/","logo":{"@type":"ImageObject","inLanguage":"pl-PL","@id":"https:\/\/pppopoczno.pl\/#\/schema\/logo\/image\/","url":"","contentUrl":"","caption":"Poradnia Psychologiczno-Pedagogiczna w Opocznie z fili\u0105 w Drzewicy"},"image":{"@id":"https:\/\/pppopoczno.pl\/#\/schema\/logo\/image\/"}},{"@type":"Person","@id":"https:\/\/pppopoczno.pl\/#\/schema\/person\/be528a9b182354facc9629bb9c3d792f","name":"admin","image":{"@type":"ImageObject","inLanguage":"pl-PL","@id":"https:\/\/pppopoczno.pl\/#\/schema\/person\/image\/","url":"https:\/\/secure.gravatar.com\/avatar\/417e349a5b751537e909d25725ed2ea5bccc94139a30d2fb92eccb24c091167d?s=96&d=mm&r=g","contentUrl":"https:\/\/secure.gravatar.com\/avatar\/417e349a5b751537e909d25725ed2ea5bccc94139a30d2fb92eccb24c091167d?s=96&d=mm&r=g","caption":"admin"},"sameAs":["http:\/\/pppopoczno.pl"],"url":"https:\/\/pppopoczno.pl\/?author=1"}]}},"_links":{"self":[{"href":"https:\/\/pppopoczno.pl\/index.php?rest_route=\/wp\/v2\/posts\/974","targetHints":{"allow":["GET"]}}],"collection":[{"href":"https:\/\/pppopoczno.pl\/index.php?rest_route=\/wp\/v2\/posts"}],"about":[{"href":"https:\/\/pppopoczno.pl\/index.php?rest_route=\/wp\/v2\/types\/post"}],"author":[{"embeddable":true,"href":"https:\/\/pppopoczno.pl\/index.php?rest_route=\/wp\/v2\/users\/1"}],"replies":[{"embeddable":true,"href":"https:\/\/pppopoczno.pl\/index.php?rest_route=%2Fwp%2Fv2%2Fcomments&post=974"}],"version-history":[{"count":4,"href":"https:\/\/pppopoczno.pl\/index.php?rest_route=\/wp\/v2\/posts\/974\/revisions"}],"predecessor-version":[{"id":991,"href":"https:\/\/pppopoczno.pl\/index.php?rest_route=\/wp\/v2\/posts\/974\/revisions\/991"}],"wp:attachment":[{"href":"https:\/\/pppopoczno.pl\/index.php?rest_route=%2Fwp%2Fv2%2Fmedia&parent=974"}],"wp:term":[{"taxonomy":"category","embeddable":true,"href":"https:\/\/pppopoczno.pl\/index.php?rest_route=%2Fwp%2Fv2%2Fcategories&post=974"},{"taxonomy":"post_tag","embeddable":true,"href":"https:\/\/pppopoczno.pl\/index.php?rest_route=%2Fwp%2Fv2%2Ftags&post=974"}],"curies":[{"name":"wp","href":"https:\/\/api.w.org\/{rel}","templated":true}]}}