{"id":960,"date":"2025-04-09T22:28:12","date_gmt":"2025-04-09T20:28:12","guid":{"rendered":"https:\/\/pppopoczno.pl\/?p=960"},"modified":"2025-04-09T22:46:02","modified_gmt":"2025-04-09T20:46:02","slug":"x-opoczynskie-targi-pracy-i-edukacji","status":"publish","type":"post","link":"https:\/\/pppopoczno.pl\/?p=960","title":{"rendered":"X Opoczy\u0144skie Targi Pracy i Edukacji"},"content":{"rendered":"<p><img fetchpriority=\"high\" decoding=\"async\" class=\"size-full wp-image-971 aligncenter\" src=\"https:\/\/pppopoczno.pl\/wp-content\/uploads\/2025\/04\/Zdjecie-WhatsApp-2025-04-09-o-18.51.11_457e587b-\u2014-kopia.jpg\" alt=\"\" width=\"980\" height=\"429\" srcset=\"https:\/\/pppopoczno.pl\/wp-content\/uploads\/2025\/04\/Zdjecie-WhatsApp-2025-04-09-o-18.51.11_457e587b-\u2014-kopia.jpg 980w, https:\/\/pppopoczno.pl\/wp-content\/uploads\/2025\/04\/Zdjecie-WhatsApp-2025-04-09-o-18.51.11_457e587b-\u2014-kopia-300x131.jpg 300w, https:\/\/pppopoczno.pl\/wp-content\/uploads\/2025\/04\/Zdjecie-WhatsApp-2025-04-09-o-18.51.11_457e587b-\u2014-kopia-768x336.jpg 768w\" sizes=\"(max-width: 980px) 100vw, 980px\" \/><\/p>\n<p>W dniu 08.04.2025r. Poradnia po raz kolejny bra\u0142a udzia\u0142 w Opoczy\u0144skich Targach Pracy i Edukacji, kt\u00f3re w tym roku ponownie odby\u0142y si\u0119 w go\u015bcinnych murach Zespo\u0142u Szk\u00f3\u0142 Powiatowych im. Stanis\u0142awa Staszica w Opocznie.<!--more--><\/p>\n<p>Nasze stanowisko, kt\u00f3re prowadzi\u0142y panie Monika Madej i Patrycja Ol\u0119dzka jak zawsze cieszy\u0142o si\u0119 du\u017cym zainteresowaniem goszcz\u0105cej na Targach m\u0142odzie\u017cy. Mo\u017cna by\u0142o na nim skorzysta\u0107 z mo\u017cliwo\u015bci diagnozy swoich preferencji zawodowych, zapozna\u0107 si\u0119 z ofert\u0105 Poradni, a tak\u017ce porozmawia\u0107 z dy\u017curuj\u0105cymi specjalistami na temat aktualnych i przysz\u0142ych wybor\u00f3w edukacyjnych. Pracownicy Poradni wraz z Dyrektor Ann\u0105 Reszk\u0105 bardzo dzi\u0119kuj\u0105 organizatorom Targ\u00f3w za zaproszenie oraz gratuluj\u0105 znakomitej organizacji imprezy.<\/p>\n<p>Do zobaczenia w przysz\u0142ym roku!<\/p>\n<style type=\"text\/css\">\n\t#foogallery-gallery-964 .fg-image {\n        width: 150px;\n    }\n<\/style>\n\t\t\t\t<div class=\"foogallery foogallery-container foogallery-default foogallery-lightbox-foogallery fg-gutter-10 fg-center fg-default fg-light fg-border-thin fg-shadow-outline fg-loading-default fg-loaded-fade-in fg-caption-hover fg-hover-fade fg-hover-zoom fg-ready\" id=\"foogallery-gallery-964\" data-foogallery=\"{&quot;item&quot;:{&quot;showCaptionTitle&quot;:true,&quot;showCaptionDescription&quot;:true},&quot;lazy&quot;:true}\" data-foogallery-lightbox=\"{&quot;thumbs&quot;:&quot;bottom&quot;,&quot;thumbsCaptions&quot;:false,&quot;thumbsBestFit&quot;:false,&quot;thumbsSmall&quot;:false,&quot;thumbsCaptionsAlign&quot;:&quot;default&quot;,&quot;info&quot;:&quot;bottom&quot;,&quot;infoVisible&quot;:true,&quot;infoOverlay&quot;:true,&quot;infoAlign&quot;:&quot;default&quot;,&quot;transition&quot;:&quot;fade&quot;,&quot;hoverButtons&quot;:false,&quot;fitMedia&quot;:false,&quot;noScrollbars&quot;:true,&quot;preserveButtonSpace&quot;:true,&quot;buttons&quot;:{&quot;fullscreen&quot;:true,&quot;info&quot;:true,&quot;thumbs&quot;:false},&quot;video&quot;:{&quot;autoPlay&quot;:true}}\" >\n\t<div class=\"fg-item fg-type-image fg-idle\"><figure class=\"fg-item-inner\"><a href=\"https:\/\/pppopoczno.pl\/wp-content\/uploads\/2025\/04\/Zdjecie-WhatsApp-2025-04-09-o-18.51.11_457e587b-rotated.jpg\" data-caption-desc=\"X Opoczy\u0144skie Targi Pracy i Edukacji\" data-attachment-id=\"965\" data-e-disable-page-transition=\"true\" data-type=\"image\" class=\"fg-thumb\"><span class=\"fg-image-wrap\"><img decoding=\"async\" alt=\"X Opoczy\u0144skie Targi Pracy i Edukacji\" width=\"150\" height=\"150\" class=\"skip-lazy fg-image\" data-src-fg=\"https:\/\/pppopoczno.pl\/wp-content\/uploads\/cache\/2025\/04\/Zdjecie-WhatsApp-2025-04-09-o-18_51_11_457e587b-rotated\/1601506720.jpg\" src=\"data:image\/svg+xml,%3Csvg%20xmlns%3D%22http%3A%2F%2Fwww.w3.org%2F2000%2Fsvg%22%20width%3D%22150%22%20height%3D%22150%22%20viewBox%3D%220%200%20150%20150%22%3E%3C%2Fsvg%3E\" loading=\"eager\"><\/span><span class=\"fg-image-overlay\"><\/span><\/a><figcaption class=\"fg-caption\"><div class=\"fg-caption-inner\"><div class=\"fg-caption-desc\">X Opoczy\u0144skie Targi Pracy i Edukacji<\/div><\/div><\/figcaption><\/figure><div class=\"fg-loader\"><\/div><\/div><div class=\"fg-item fg-type-image fg-idle\"><figure class=\"fg-item-inner\"><a href=\"https:\/\/pppopoczno.pl\/wp-content\/uploads\/2025\/04\/Zdjecie-WhatsApp-2025-04-09-o-18.51.24_1d096660.jpg\" data-caption-desc=\"X Opoczy\u0144skie Targi Pracy i Edukacji\" data-attachment-id=\"966\" data-e-disable-page-transition=\"true\" data-type=\"image\" class=\"fg-thumb\"><span class=\"fg-image-wrap\"><img decoding=\"async\" alt=\"X Opoczy\u0144skie Targi Pracy i Edukacji\" width=\"150\" height=\"150\" class=\"skip-lazy fg-image\" data-src-fg=\"https:\/\/pppopoczno.pl\/wp-content\/uploads\/cache\/2025\/04\/Zdjecie-WhatsApp-2025-04-09-o-18_51_24_1d096660\/834556692.jpg\" src=\"data:image\/svg+xml,%3Csvg%20xmlns%3D%22http%3A%2F%2Fwww.w3.org%2F2000%2Fsvg%22%20width%3D%22150%22%20height%3D%22150%22%20viewBox%3D%220%200%20150%20150%22%3E%3C%2Fsvg%3E\" loading=\"eager\"><\/span><span class=\"fg-image-overlay\"><\/span><\/a><figcaption class=\"fg-caption\"><div class=\"fg-caption-inner\"><div class=\"fg-caption-desc\">X Opoczy\u0144skie Targi Pracy i Edukacji<\/div><\/div><\/figcaption><\/figure><div class=\"fg-loader\"><\/div><\/div><div class=\"fg-item fg-type-image fg-idle\"><figure class=\"fg-item-inner\"><a href=\"https:\/\/pppopoczno.pl\/wp-content\/uploads\/2025\/04\/Zdjecie-WhatsApp-2025-04-09-o-18.51.41_23204b2e.jpg\" data-caption-desc=\"X Opoczy\u0144skie Targi Pracy i Edukacji\" data-attachment-id=\"967\" data-e-disable-page-transition=\"true\" data-type=\"image\" class=\"fg-thumb\"><span class=\"fg-image-wrap\"><img decoding=\"async\" alt=\"X Opoczy\u0144skie Targi Pracy i Edukacji\" width=\"150\" height=\"150\" class=\"skip-lazy fg-image\" data-src-fg=\"https:\/\/pppopoczno.pl\/wp-content\/uploads\/cache\/2025\/04\/Zdjecie-WhatsApp-2025-04-09-o-18_51_41_23204b2e\/1078790161.jpg\" src=\"data:image\/svg+xml,%3Csvg%20xmlns%3D%22http%3A%2F%2Fwww.w3.org%2F2000%2Fsvg%22%20width%3D%22150%22%20height%3D%22150%22%20viewBox%3D%220%200%20150%20150%22%3E%3C%2Fsvg%3E\" loading=\"eager\"><\/span><span class=\"fg-image-overlay\"><\/span><\/a><figcaption class=\"fg-caption\"><div class=\"fg-caption-inner\"><div class=\"fg-caption-desc\">X Opoczy\u0144skie Targi Pracy i Edukacji<\/div><\/div><\/figcaption><\/figure><div class=\"fg-loader\"><\/div><\/div><div class=\"fg-item fg-type-image fg-idle\"><figure class=\"fg-item-inner\"><a href=\"https:\/\/pppopoczno.pl\/wp-content\/uploads\/2025\/04\/Zdjecie-WhatsApp-2025-04-09-o-18.51.55_496de9a9.jpg\" data-caption-desc=\"X Opoczy\u0144skie Targi Pracy i Edukacji\" data-attachment-id=\"968\" data-e-disable-page-transition=\"true\" data-type=\"image\" class=\"fg-thumb\"><span class=\"fg-image-wrap\"><img decoding=\"async\" alt=\"X Opoczy\u0144skie Targi Pracy i Edukacji\" width=\"150\" height=\"150\" class=\"skip-lazy fg-image\" data-src-fg=\"https:\/\/pppopoczno.pl\/wp-content\/uploads\/cache\/2025\/04\/Zdjecie-WhatsApp-2025-04-09-o-18_51_55_496de9a9\/3235689443.jpg\" src=\"data:image\/svg+xml,%3Csvg%20xmlns%3D%22http%3A%2F%2Fwww.w3.org%2F2000%2Fsvg%22%20width%3D%22150%22%20height%3D%22150%22%20viewBox%3D%220%200%20150%20150%22%3E%3C%2Fsvg%3E\" loading=\"eager\"><\/span><span class=\"fg-image-overlay\"><\/span><\/a><figcaption class=\"fg-caption\"><div class=\"fg-caption-inner\"><div class=\"fg-caption-desc\">X Opoczy\u0144skie Targi Pracy i Edukacji<\/div><\/div><\/figcaption><\/figure><div class=\"fg-loader\"><\/div><\/div><div class=\"fg-item fg-type-image fg-idle\"><figure class=\"fg-item-inner\"><a href=\"https:\/\/pppopoczno.pl\/wp-content\/uploads\/2025\/04\/Zdjecie-WhatsApp-2025-04-09-o-18.52.11_96c6f8db.jpg\" data-caption-desc=\"X Opoczy\u0144skie Targi Pracy i Edukacji\" data-attachment-id=\"969\" data-e-disable-page-transition=\"true\" data-type=\"image\" class=\"fg-thumb\"><span class=\"fg-image-wrap\"><img decoding=\"async\" alt=\"X Opoczy\u0144skie Targi Pracy i Edukacji\" width=\"150\" height=\"150\" class=\"skip-lazy fg-image\" data-src-fg=\"https:\/\/pppopoczno.pl\/wp-content\/uploads\/cache\/2025\/04\/Zdjecie-WhatsApp-2025-04-09-o-18_52_11_96c6f8db\/3230110628.jpg\" src=\"data:image\/svg+xml,%3Csvg%20xmlns%3D%22http%3A%2F%2Fwww.w3.org%2F2000%2Fsvg%22%20width%3D%22150%22%20height%3D%22150%22%20viewBox%3D%220%200%20150%20150%22%3E%3C%2Fsvg%3E\" loading=\"eager\"><\/span><span class=\"fg-image-overlay\"><\/span><\/a><figcaption class=\"fg-caption\"><div class=\"fg-caption-inner\"><div class=\"fg-caption-desc\">X Opoczy\u0144skie Targi Pracy i Edukacji<\/div><\/div><\/figcaption><\/figure><div class=\"fg-loader\"><\/div><\/div><\/div>\n\n<p><strong>Autor artyku\u0142u:<\/strong> Patrycja Ol\u0119dzka<\/p>\n","protected":false},"excerpt":{"rendered":"<p>W dniu 08.04.2025r. Poradnia po raz kolejny bra\u0142a udzia\u0142 w Opoczy\u0144skich Targach Pracy i Edukacji, kt\u00f3re w tym roku ponownie odby\u0142y si\u0119 w go\u015bcinnych murach Zespo\u0142u Szk\u00f3\u0142 Powiatowych im. Stanis\u0142awa Staszica w Opocznie.<\/p>\n","protected":false},"author":1,"featured_media":0,"comment_status":"closed","ping_status":"closed","sticky":false,"template":"","format":"standard","meta":{"footnotes":""},"categories":[4],"tags":[],"class_list":["post-960","post","type-post","status-publish","format-standard","hentry","category-glowna-aktualnosci"],"yoast_head":"<!-- This site is optimized with the Yoast SEO plugin v26.0 - https:\/\/yoast.com\/wordpress\/plugins\/seo\/ -->\n<title>X Opoczy\u0144skie Targi Pracy i Edukacji - Poradnia Psychologiczno-Pedagogiczna w Opocznie z fili\u0105 w Drzewicy<\/title>\n<meta name=\"robots\" content=\"index, follow, max-snippet:-1, max-image-preview:large, max-video-preview:-1\" \/>\n<link rel=\"canonical\" href=\"https:\/\/pppopoczno.pl\/?p=960\" \/>\n<meta property=\"og:locale\" content=\"pl_PL\" \/>\n<meta property=\"og:type\" content=\"article\" \/>\n<meta property=\"og:title\" content=\"X Opoczy\u0144skie Targi Pracy i Edukacji - Poradnia Psychologiczno-Pedagogiczna w Opocznie z fili\u0105 w Drzewicy\" \/>\n<meta property=\"og:description\" content=\"W dniu 08.04.2025r. Poradnia po raz kolejny bra\u0142a udzia\u0142 w Opoczy\u0144skich Targach Pracy i Edukacji, kt\u00f3re w tym roku ponownie odby\u0142y si\u0119 w go\u015bcinnych murach Zespo\u0142u Szk\u00f3\u0142 Powiatowych im. Stanis\u0142awa Staszica w Opocznie.\" \/>\n<meta property=\"og:url\" content=\"https:\/\/pppopoczno.pl\/?p=960\" \/>\n<meta property=\"og:site_name\" content=\"Poradnia Psychologiczno-Pedagogiczna w Opocznie z fili\u0105 w Drzewicy\" \/>\n<meta property=\"article:published_time\" content=\"2025-04-09T20:28:12+00:00\" \/>\n<meta property=\"article:modified_time\" content=\"2025-04-09T20:46:02+00:00\" \/>\n<meta name=\"author\" content=\"admin\" \/>\n<meta name=\"twitter:card\" content=\"summary_large_image\" \/>\n<meta name=\"twitter:label1\" content=\"Napisane przez\" \/>\n\t<meta name=\"twitter:data1\" content=\"admin\" \/>\n\t<meta name=\"twitter:label2\" content=\"Szacowany czas czytania\" \/>\n\t<meta name=\"twitter:data2\" content=\"1 minuta\" \/>\n<script type=\"application\/ld+json\" class=\"yoast-schema-graph\">{\"@context\":\"https:\/\/schema.org\",\"@graph\":[{\"@type\":\"Article\",\"@id\":\"https:\/\/pppopoczno.pl\/?p=960#article\",\"isPartOf\":{\"@id\":\"https:\/\/pppopoczno.pl\/?p=960\"},\"author\":{\"name\":\"admin\",\"@id\":\"https:\/\/pppopoczno.pl\/#\/schema\/person\/be528a9b182354facc9629bb9c3d792f\"},\"headline\":\"X Opoczy\u0144skie Targi Pracy i Edukacji\",\"datePublished\":\"2025-04-09T20:28:12+00:00\",\"dateModified\":\"2025-04-09T20:46:02+00:00\",\"mainEntityOfPage\":{\"@id\":\"https:\/\/pppopoczno.pl\/?p=960\"},\"wordCount\":147,\"publisher\":{\"@id\":\"https:\/\/pppopoczno.pl\/#organization\"},\"articleSection\":[\"G\u0141\u00d3WNA (aktualno\u015bci)\"],\"inLanguage\":\"pl-PL\"},{\"@type\":\"WebPage\",\"@id\":\"https:\/\/pppopoczno.pl\/?p=960\",\"url\":\"https:\/\/pppopoczno.pl\/?p=960\",\"name\":\"X Opoczy\u0144skie Targi Pracy i Edukacji - Poradnia Psychologiczno-Pedagogiczna w Opocznie z fili\u0105 w Drzewicy\",\"isPartOf\":{\"@id\":\"https:\/\/pppopoczno.pl\/#website\"},\"datePublished\":\"2025-04-09T20:28:12+00:00\",\"dateModified\":\"2025-04-09T20:46:02+00:00\",\"inLanguage\":\"pl-PL\",\"potentialAction\":[{\"@type\":\"ReadAction\",\"target\":[\"https:\/\/pppopoczno.pl\/?p=960\"]}]},{\"@type\":\"WebSite\",\"@id\":\"https:\/\/pppopoczno.pl\/#website\",\"url\":\"https:\/\/pppopoczno.pl\/\",\"name\":\"Poradnia Psychologiczno-Pedagogiczna w Opocznie z fili\u0105 w Drzewicy\",\"description\":\"&quot;Cz\u0142owiek jest tyle wart, ile mo\u017ce da\u0107 drugiemu cz\u0142owiekowi&quot; \u2013 Jan Pawe\u0142 II\",\"publisher\":{\"@id\":\"https:\/\/pppopoczno.pl\/#organization\"},\"potentialAction\":[{\"@type\":\"SearchAction\",\"target\":{\"@type\":\"EntryPoint\",\"urlTemplate\":\"https:\/\/pppopoczno.pl\/?s={search_term_string}\"},\"query-input\":{\"@type\":\"PropertyValueSpecification\",\"valueRequired\":true,\"valueName\":\"search_term_string\"}}],\"inLanguage\":\"pl-PL\"},{\"@type\":\"Organization\",\"@id\":\"https:\/\/pppopoczno.pl\/#organization\",\"name\":\"Poradnia Psychologiczno-Pedagogiczna w Opocznie z fili\u0105 w Drzewicy\",\"url\":\"https:\/\/pppopoczno.pl\/\",\"logo\":{\"@type\":\"ImageObject\",\"inLanguage\":\"pl-PL\",\"@id\":\"https:\/\/pppopoczno.pl\/#\/schema\/logo\/image\/\",\"url\":\"\",\"contentUrl\":\"\",\"caption\":\"Poradnia Psychologiczno-Pedagogiczna w Opocznie z fili\u0105 w Drzewicy\"},\"image\":{\"@id\":\"https:\/\/pppopoczno.pl\/#\/schema\/logo\/image\/\"}},{\"@type\":\"Person\",\"@id\":\"https:\/\/pppopoczno.pl\/#\/schema\/person\/be528a9b182354facc9629bb9c3d792f\",\"name\":\"admin\",\"image\":{\"@type\":\"ImageObject\",\"inLanguage\":\"pl-PL\",\"@id\":\"https:\/\/pppopoczno.pl\/#\/schema\/person\/image\/\",\"url\":\"https:\/\/secure.gravatar.com\/avatar\/417e349a5b751537e909d25725ed2ea5bccc94139a30d2fb92eccb24c091167d?s=96&d=mm&r=g\",\"contentUrl\":\"https:\/\/secure.gravatar.com\/avatar\/417e349a5b751537e909d25725ed2ea5bccc94139a30d2fb92eccb24c091167d?s=96&d=mm&r=g\",\"caption\":\"admin\"},\"sameAs\":[\"http:\/\/pppopoczno.pl\"],\"url\":\"https:\/\/pppopoczno.pl\/?author=1\"}]}<\/script>\n<!-- \/ Yoast SEO plugin. -->","yoast_head_json":{"title":"X Opoczy\u0144skie Targi Pracy i Edukacji - Poradnia Psychologiczno-Pedagogiczna w Opocznie z fili\u0105 w Drzewicy","robots":{"index":"index","follow":"follow","max-snippet":"max-snippet:-1","max-image-preview":"max-image-preview:large","max-video-preview":"max-video-preview:-1"},"canonical":"https:\/\/pppopoczno.pl\/?p=960","og_locale":"pl_PL","og_type":"article","og_title":"X Opoczy\u0144skie Targi Pracy i Edukacji - Poradnia Psychologiczno-Pedagogiczna w Opocznie z fili\u0105 w Drzewicy","og_description":"W dniu 08.04.2025r. Poradnia po raz kolejny bra\u0142a udzia\u0142 w Opoczy\u0144skich Targach Pracy i Edukacji, kt\u00f3re w tym roku ponownie odby\u0142y si\u0119 w go\u015bcinnych murach Zespo\u0142u Szk\u00f3\u0142 Powiatowych im. Stanis\u0142awa Staszica w Opocznie.","og_url":"https:\/\/pppopoczno.pl\/?p=960","og_site_name":"Poradnia Psychologiczno-Pedagogiczna w Opocznie z fili\u0105 w Drzewicy","article_published_time":"2025-04-09T20:28:12+00:00","article_modified_time":"2025-04-09T20:46:02+00:00","author":"admin","twitter_card":"summary_large_image","twitter_misc":{"Napisane przez":"admin","Szacowany czas czytania":"1 minuta"},"schema":{"@context":"https:\/\/schema.org","@graph":[{"@type":"Article","@id":"https:\/\/pppopoczno.pl\/?p=960#article","isPartOf":{"@id":"https:\/\/pppopoczno.pl\/?p=960"},"author":{"name":"admin","@id":"https:\/\/pppopoczno.pl\/#\/schema\/person\/be528a9b182354facc9629bb9c3d792f"},"headline":"X Opoczy\u0144skie Targi Pracy i Edukacji","datePublished":"2025-04-09T20:28:12+00:00","dateModified":"2025-04-09T20:46:02+00:00","mainEntityOfPage":{"@id":"https:\/\/pppopoczno.pl\/?p=960"},"wordCount":147,"publisher":{"@id":"https:\/\/pppopoczno.pl\/#organization"},"articleSection":["G\u0141\u00d3WNA (aktualno\u015bci)"],"inLanguage":"pl-PL"},{"@type":"WebPage","@id":"https:\/\/pppopoczno.pl\/?p=960","url":"https:\/\/pppopoczno.pl\/?p=960","name":"X Opoczy\u0144skie Targi Pracy i Edukacji - Poradnia Psychologiczno-Pedagogiczna w Opocznie z fili\u0105 w Drzewicy","isPartOf":{"@id":"https:\/\/pppopoczno.pl\/#website"},"datePublished":"2025-04-09T20:28:12+00:00","dateModified":"2025-04-09T20:46:02+00:00","inLanguage":"pl-PL","potentialAction":[{"@type":"ReadAction","target":["https:\/\/pppopoczno.pl\/?p=960"]}]},{"@type":"WebSite","@id":"https:\/\/pppopoczno.pl\/#website","url":"https:\/\/pppopoczno.pl\/","name":"Poradnia Psychologiczno-Pedagogiczna w Opocznie z fili\u0105 w Drzewicy","description":"&quot;Cz\u0142owiek jest tyle wart, ile mo\u017ce da\u0107 drugiemu cz\u0142owiekowi&quot; \u2013 Jan Pawe\u0142 II","publisher":{"@id":"https:\/\/pppopoczno.pl\/#organization"},"potentialAction":[{"@type":"SearchAction","target":{"@type":"EntryPoint","urlTemplate":"https:\/\/pppopoczno.pl\/?s={search_term_string}"},"query-input":{"@type":"PropertyValueSpecification","valueRequired":true,"valueName":"search_term_string"}}],"inLanguage":"pl-PL"},{"@type":"Organization","@id":"https:\/\/pppopoczno.pl\/#organization","name":"Poradnia Psychologiczno-Pedagogiczna w Opocznie z fili\u0105 w Drzewicy","url":"https:\/\/pppopoczno.pl\/","logo":{"@type":"ImageObject","inLanguage":"pl-PL","@id":"https:\/\/pppopoczno.pl\/#\/schema\/logo\/image\/","url":"","contentUrl":"","caption":"Poradnia Psychologiczno-Pedagogiczna w Opocznie z fili\u0105 w Drzewicy"},"image":{"@id":"https:\/\/pppopoczno.pl\/#\/schema\/logo\/image\/"}},{"@type":"Person","@id":"https:\/\/pppopoczno.pl\/#\/schema\/person\/be528a9b182354facc9629bb9c3d792f","name":"admin","image":{"@type":"ImageObject","inLanguage":"pl-PL","@id":"https:\/\/pppopoczno.pl\/#\/schema\/person\/image\/","url":"https:\/\/secure.gravatar.com\/avatar\/417e349a5b751537e909d25725ed2ea5bccc94139a30d2fb92eccb24c091167d?s=96&d=mm&r=g","contentUrl":"https:\/\/secure.gravatar.com\/avatar\/417e349a5b751537e909d25725ed2ea5bccc94139a30d2fb92eccb24c091167d?s=96&d=mm&r=g","caption":"admin"},"sameAs":["http:\/\/pppopoczno.pl"],"url":"https:\/\/pppopoczno.pl\/?author=1"}]}},"_links":{"self":[{"href":"https:\/\/pppopoczno.pl\/index.php?rest_route=\/wp\/v2\/posts\/960","targetHints":{"allow":["GET"]}}],"collection":[{"href":"https:\/\/pppopoczno.pl\/index.php?rest_route=\/wp\/v2\/posts"}],"about":[{"href":"https:\/\/pppopoczno.pl\/index.php?rest_route=\/wp\/v2\/types\/post"}],"author":[{"embeddable":true,"href":"https:\/\/pppopoczno.pl\/index.php?rest_route=\/wp\/v2\/users\/1"}],"replies":[{"embeddable":true,"href":"https:\/\/pppopoczno.pl\/index.php?rest_route=%2Fwp%2Fv2%2Fcomments&post=960"}],"version-history":[{"count":5,"href":"https:\/\/pppopoczno.pl\/index.php?rest_route=\/wp\/v2\/posts\/960\/revisions"}],"predecessor-version":[{"id":972,"href":"https:\/\/pppopoczno.pl\/index.php?rest_route=\/wp\/v2\/posts\/960\/revisions\/972"}],"wp:attachment":[{"href":"https:\/\/pppopoczno.pl\/index.php?rest_route=%2Fwp%2Fv2%2Fmedia&parent=960"}],"wp:term":[{"taxonomy":"category","embeddable":true,"href":"https:\/\/pppopoczno.pl\/index.php?rest_route=%2Fwp%2Fv2%2Fcategories&post=960"},{"taxonomy":"post_tag","embeddable":true,"href":"https:\/\/pppopoczno.pl\/index.php?rest_route=%2Fwp%2Fv2%2Ftags&post=960"}],"curies":[{"name":"wp","href":"https:\/\/api.w.org\/{rel}","templated":true}]}}