{"id":894,"date":"2024-12-12T07:30:27","date_gmt":"2024-12-12T06:30:27","guid":{"rendered":"https:\/\/pppopoczno.pl\/?p=894"},"modified":"2024-12-13T07:37:47","modified_gmt":"2024-12-13T06:37:47","slug":"forum-specjalistow-stop-przemocy","status":"publish","type":"post","link":"https:\/\/pppopoczno.pl\/?p=894","title":{"rendered":"\u201eForum Specjalist\u00f3w &#8211; STOP PRZEMOCY\u201d"},"content":{"rendered":"<p style=\"text-align: left;\"><span style=\"font-family: 'Arial',sans-serif;\">19 listopada 2024 roku w sali konferencyjnej Starostwa Powiatowego w Opocznie odby\u0142o si\u0119 \u201eForum Specjalist\u00f3w &#8211; STOP PRZEMOCY\u201d organizowane w ramach Mi\u0119dzynarodowego Dnia Zapobiegania Przemocy wobec Dzieci. <\/span><!--more--><\/p>\n<p style=\"text-align: left;\"><span style=\"font-family: 'Arial',sans-serif;\">Dyskusja, kt\u00f3ra mia\u0142a miejsce na spotkaniu obejmowa\u0142a swoja tematyk\u0105 przemoc r\u00f3wie\u015bnicz\u0105 w szkole, budowanie empatii i pozytywnych relacji w zespole klasowym. Warsztaty zosta\u0142y zorganizowane przez Powiat Opoczy\u0144ski wsp\u00f3lnie z Poradni\u0105 Psychologiczno-Pedagogiczn\u0105, Centrum Edukacji i Rozwoju oraz Poradni\u0105 Bli\u017cej &#8211; Grupa Center \u2013 Med.<\/span> <span style=\"font-family: 'Arial',sans-serif;\">Jednymi z prelegentek spotkania by\u0142y psycholog Karolina Marecka oraz psycholog Monika\u00a0 Madej z Poradni Psychologiczno \u2013 Pedagogicznej w Opocznie, kt\u00f3re w swojej prelekcji pt. \u201eFilozofia przemocy, przeciwdzia\u0142am przemocy \u2013 wspieram relacje\u201d, podkre\u015bli\u0142y znaczenie dialogu opartego o ch\u0119\u0107 zrozumienia i dostrzegania pierwszych oznak przemocy, zw\u0142aszcza tej relacyjnej. Film kr\u00f3tkometra\u017cowy pt. \u201eRozmowa ma moc\u201d, sta\u0142 si\u0119 filarem rozm\u00f3w z uczestnikami spotkania, dotycz\u0105cymi wsparcia emocjonalnego i praktycznego w budowaniu zdrowych relacji, b\u0119d\u0105cym co najwa\u017cniejsze w przeciwdzia\u0142aniu przemocy r\u00f3wie\u015bniczej.<\/span><\/p>\n<style type=\"text\/css\">\n\t#foogallery-gallery-898 .fg-image {\n        width: 150px;\n    }\n<\/style>\n\t\t\t\t<div class=\"foogallery foogallery-container foogallery-default foogallery-lightbox-foogallery fg-gutter-10 fg-center fg-default fg-light fg-border-thin fg-shadow-outline fg-loading-default fg-loaded-fade-in fg-caption-hover fg-hover-fade fg-hover-zoom fg-ready\" id=\"foogallery-gallery-898\" data-foogallery=\"{&quot;item&quot;:{&quot;showCaptionTitle&quot;:true,&quot;showCaptionDescription&quot;:true},&quot;lazy&quot;:true}\" data-foogallery-lightbox=\"{&quot;thumbs&quot;:&quot;bottom&quot;,&quot;thumbsCaptions&quot;:false,&quot;thumbsBestFit&quot;:false,&quot;thumbsSmall&quot;:false,&quot;thumbsCaptionsAlign&quot;:&quot;default&quot;,&quot;info&quot;:&quot;bottom&quot;,&quot;infoVisible&quot;:true,&quot;infoOverlay&quot;:true,&quot;infoAlign&quot;:&quot;default&quot;,&quot;transition&quot;:&quot;fade&quot;,&quot;hoverButtons&quot;:false,&quot;fitMedia&quot;:false,&quot;noScrollbars&quot;:true,&quot;preserveButtonSpace&quot;:true,&quot;buttons&quot;:{&quot;fullscreen&quot;:true,&quot;info&quot;:true,&quot;thumbs&quot;:false},&quot;video&quot;:{&quot;autoPlay&quot;:true}}\" >\n\t<div class=\"fg-item fg-type-image fg-idle\"><figure class=\"fg-item-inner\"><a href=\"https:\/\/pppopoczno.pl\/wp-content\/uploads\/2024\/12\/Prelegenci-Poradni-Psychologiczno-Pedagogicznej-w-Opocznie-na-Forum-STOP-PRZEMOCY.jpg\" data-caption-desc=\"Prelegenci Poradni Psychologiczno-Pedagogicznej w Opocznie na Forum STOP PRZEMOCY\" data-attachment-id=\"897\" data-e-disable-page-transition=\"true\" data-type=\"image\" class=\"fg-thumb\"><span class=\"fg-image-wrap\"><img decoding=\"async\" alt=\"Prelegenci Poradni Psychologiczno-Pedagogicznej w Opocznie na Forum STOP PRZEMOCY\" width=\"150\" height=\"150\" class=\"skip-lazy fg-image\" data-src-fg=\"https:\/\/pppopoczno.pl\/wp-content\/uploads\/cache\/2024\/12\/Prelegenci-Poradni-Psychologiczno-Pedagogicznej-w-Opocznie-na-Forum-STOP-PRZEMOCY\/2901263118.jpg\" src=\"data:image\/svg+xml,%3Csvg%20xmlns%3D%22http%3A%2F%2Fwww.w3.org%2F2000%2Fsvg%22%20width%3D%22150%22%20height%3D%22150%22%20viewBox%3D%220%200%20150%20150%22%3E%3C%2Fsvg%3E\" loading=\"eager\"><\/span><span class=\"fg-image-overlay\"><\/span><\/a><figcaption class=\"fg-caption\"><div class=\"fg-caption-inner\"><div class=\"fg-caption-desc\">Prelegenci Poradni Psychologiczno-Pedagogicznej w Opocznie na Forum STOP PRZEMOCY<\/div><\/div><\/figcaption><\/figure><div class=\"fg-loader\"><\/div><\/div><div class=\"fg-item fg-type-image fg-idle\"><figure class=\"fg-item-inner\"><a href=\"https:\/\/pppopoczno.pl\/wp-content\/uploads\/2024\/12\/Forum-STOP-PRZEMOCY-w-Starostwie-Powiatowym-w-Opocznie.jpg\" data-caption-desc=\"Forum STOP PRZEMOCY w Starostwie Powiatowym w Opocznie\" data-attachment-id=\"896\" data-e-disable-page-transition=\"true\" data-type=\"image\" class=\"fg-thumb\"><span class=\"fg-image-wrap\"><img decoding=\"async\" alt=\"Forum STOP PRZEMOCY w Starostwie Powiatowym w Opocznie\" width=\"150\" height=\"150\" class=\"skip-lazy fg-image\" data-src-fg=\"https:\/\/pppopoczno.pl\/wp-content\/uploads\/cache\/2024\/12\/Forum-STOP-PRZEMOCY-w-Starostwie-Powiatowym-w-Opocznie\/3240553993.jpg\" src=\"data:image\/svg+xml,%3Csvg%20xmlns%3D%22http%3A%2F%2Fwww.w3.org%2F2000%2Fsvg%22%20width%3D%22150%22%20height%3D%22150%22%20viewBox%3D%220%200%20150%20150%22%3E%3C%2Fsvg%3E\" loading=\"eager\"><\/span><span class=\"fg-image-overlay\"><\/span><\/a><figcaption class=\"fg-caption\"><div class=\"fg-caption-inner\"><div class=\"fg-caption-desc\">Forum STOP PRZEMOCY w Starostwie Powiatowym w Opocznie<\/div><\/div><\/figcaption><\/figure><div class=\"fg-loader\"><\/div><\/div><\/div>\n\n<p style=\"text-align: left;\"><span style=\"font-family: 'Arial',sans-serif;\"><strong>Autor artyku\u0142u:<\/strong> Karolina Marecka &#8211; psycholog<\/span><\/p>\n<p>&nbsp;<\/p>\n","protected":false},"excerpt":{"rendered":"<p>19 listopada 2024 roku w sali konferencyjnej Starostwa Powiatowego w Opocznie odby\u0142o si\u0119 \u201eForum Specjalist\u00f3w &#8211; STOP PRZEMOCY\u201d organizowane w ramach Mi\u0119dzynarodowego Dnia Zapobiegania Przemocy wobec Dzieci.<\/p>\n","protected":false},"author":1,"featured_media":0,"comment_status":"closed","ping_status":"closed","sticky":false,"template":"","format":"standard","meta":{"footnotes":""},"categories":[4],"tags":[],"class_list":["post-894","post","type-post","status-publish","format-standard","hentry","category-glowna-aktualnosci"],"yoast_head":"<!-- This site is optimized with the Yoast SEO plugin v26.0 - https:\/\/yoast.com\/wordpress\/plugins\/seo\/ -->\n<title>\u201eForum Specjalist\u00f3w - STOP PRZEMOCY\u201d - Poradnia Psychologiczno-Pedagogiczna w Opocznie z fili\u0105 w Drzewicy<\/title>\n<meta name=\"robots\" content=\"index, follow, max-snippet:-1, max-image-preview:large, max-video-preview:-1\" \/>\n<link rel=\"canonical\" href=\"https:\/\/pppopoczno.pl\/?p=894\" \/>\n<meta property=\"og:locale\" content=\"pl_PL\" \/>\n<meta property=\"og:type\" content=\"article\" \/>\n<meta property=\"og:title\" content=\"\u201eForum Specjalist\u00f3w - STOP PRZEMOCY\u201d - Poradnia Psychologiczno-Pedagogiczna w Opocznie z fili\u0105 w Drzewicy\" \/>\n<meta property=\"og:description\" content=\"19 listopada 2024 roku w sali konferencyjnej Starostwa Powiatowego w Opocznie odby\u0142o si\u0119 \u201eForum Specjalist\u00f3w &#8211; STOP PRZEMOCY\u201d organizowane w ramach Mi\u0119dzynarodowego Dnia Zapobiegania Przemocy wobec Dzieci.\" \/>\n<meta property=\"og:url\" content=\"https:\/\/pppopoczno.pl\/?p=894\" \/>\n<meta property=\"og:site_name\" content=\"Poradnia Psychologiczno-Pedagogiczna w Opocznie z fili\u0105 w Drzewicy\" \/>\n<meta property=\"article:published_time\" content=\"2024-12-12T06:30:27+00:00\" \/>\n<meta property=\"article:modified_time\" content=\"2024-12-13T06:37:47+00:00\" \/>\n<meta name=\"author\" content=\"admin\" \/>\n<meta name=\"twitter:card\" content=\"summary_large_image\" \/>\n<meta name=\"twitter:label1\" content=\"Napisane przez\" \/>\n\t<meta name=\"twitter:data1\" content=\"admin\" \/>\n\t<meta name=\"twitter:label2\" content=\"Szacowany czas czytania\" \/>\n\t<meta name=\"twitter:data2\" content=\"1 minuta\" \/>\n<script type=\"application\/ld+json\" class=\"yoast-schema-graph\">{\"@context\":\"https:\/\/schema.org\",\"@graph\":[{\"@type\":\"Article\",\"@id\":\"https:\/\/pppopoczno.pl\/?p=894#article\",\"isPartOf\":{\"@id\":\"https:\/\/pppopoczno.pl\/?p=894\"},\"author\":{\"name\":\"admin\",\"@id\":\"https:\/\/pppopoczno.pl\/#\/schema\/person\/be528a9b182354facc9629bb9c3d792f\"},\"headline\":\"\u201eForum Specjalist\u00f3w &#8211; STOP PRZEMOCY\u201d\",\"datePublished\":\"2024-12-12T06:30:27+00:00\",\"dateModified\":\"2024-12-13T06:37:47+00:00\",\"mainEntityOfPage\":{\"@id\":\"https:\/\/pppopoczno.pl\/?p=894\"},\"wordCount\":184,\"publisher\":{\"@id\":\"https:\/\/pppopoczno.pl\/#organization\"},\"articleSection\":[\"G\u0141\u00d3WNA (aktualno\u015bci)\"],\"inLanguage\":\"pl-PL\"},{\"@type\":\"WebPage\",\"@id\":\"https:\/\/pppopoczno.pl\/?p=894\",\"url\":\"https:\/\/pppopoczno.pl\/?p=894\",\"name\":\"\u201eForum Specjalist\u00f3w - STOP PRZEMOCY\u201d - Poradnia Psychologiczno-Pedagogiczna w Opocznie z fili\u0105 w Drzewicy\",\"isPartOf\":{\"@id\":\"https:\/\/pppopoczno.pl\/#website\"},\"datePublished\":\"2024-12-12T06:30:27+00:00\",\"dateModified\":\"2024-12-13T06:37:47+00:00\",\"inLanguage\":\"pl-PL\",\"potentialAction\":[{\"@type\":\"ReadAction\",\"target\":[\"https:\/\/pppopoczno.pl\/?p=894\"]}]},{\"@type\":\"WebSite\",\"@id\":\"https:\/\/pppopoczno.pl\/#website\",\"url\":\"https:\/\/pppopoczno.pl\/\",\"name\":\"Poradnia Psychologiczno-Pedagogiczna w Opocznie z fili\u0105 w Drzewicy\",\"description\":\"&quot;Cz\u0142owiek jest tyle wart, ile mo\u017ce da\u0107 drugiemu cz\u0142owiekowi&quot; \u2013 Jan Pawe\u0142 II\",\"publisher\":{\"@id\":\"https:\/\/pppopoczno.pl\/#organization\"},\"potentialAction\":[{\"@type\":\"SearchAction\",\"target\":{\"@type\":\"EntryPoint\",\"urlTemplate\":\"https:\/\/pppopoczno.pl\/?s={search_term_string}\"},\"query-input\":{\"@type\":\"PropertyValueSpecification\",\"valueRequired\":true,\"valueName\":\"search_term_string\"}}],\"inLanguage\":\"pl-PL\"},{\"@type\":\"Organization\",\"@id\":\"https:\/\/pppopoczno.pl\/#organization\",\"name\":\"Poradnia Psychologiczno-Pedagogiczna w Opocznie z fili\u0105 w Drzewicy\",\"url\":\"https:\/\/pppopoczno.pl\/\",\"logo\":{\"@type\":\"ImageObject\",\"inLanguage\":\"pl-PL\",\"@id\":\"https:\/\/pppopoczno.pl\/#\/schema\/logo\/image\/\",\"url\":\"\",\"contentUrl\":\"\",\"caption\":\"Poradnia Psychologiczno-Pedagogiczna w Opocznie z fili\u0105 w Drzewicy\"},\"image\":{\"@id\":\"https:\/\/pppopoczno.pl\/#\/schema\/logo\/image\/\"}},{\"@type\":\"Person\",\"@id\":\"https:\/\/pppopoczno.pl\/#\/schema\/person\/be528a9b182354facc9629bb9c3d792f\",\"name\":\"admin\",\"image\":{\"@type\":\"ImageObject\",\"inLanguage\":\"pl-PL\",\"@id\":\"https:\/\/pppopoczno.pl\/#\/schema\/person\/image\/\",\"url\":\"https:\/\/secure.gravatar.com\/avatar\/417e349a5b751537e909d25725ed2ea5bccc94139a30d2fb92eccb24c091167d?s=96&d=mm&r=g\",\"contentUrl\":\"https:\/\/secure.gravatar.com\/avatar\/417e349a5b751537e909d25725ed2ea5bccc94139a30d2fb92eccb24c091167d?s=96&d=mm&r=g\",\"caption\":\"admin\"},\"sameAs\":[\"http:\/\/pppopoczno.pl\"],\"url\":\"https:\/\/pppopoczno.pl\/?author=1\"}]}<\/script>\n<!-- \/ Yoast SEO plugin. -->","yoast_head_json":{"title":"\u201eForum Specjalist\u00f3w - STOP PRZEMOCY\u201d - Poradnia Psychologiczno-Pedagogiczna w Opocznie z fili\u0105 w Drzewicy","robots":{"index":"index","follow":"follow","max-snippet":"max-snippet:-1","max-image-preview":"max-image-preview:large","max-video-preview":"max-video-preview:-1"},"canonical":"https:\/\/pppopoczno.pl\/?p=894","og_locale":"pl_PL","og_type":"article","og_title":"\u201eForum Specjalist\u00f3w - STOP PRZEMOCY\u201d - Poradnia Psychologiczno-Pedagogiczna w Opocznie z fili\u0105 w Drzewicy","og_description":"19 listopada 2024 roku w sali konferencyjnej Starostwa Powiatowego w Opocznie odby\u0142o si\u0119 \u201eForum Specjalist\u00f3w &#8211; STOP PRZEMOCY\u201d organizowane w ramach Mi\u0119dzynarodowego Dnia Zapobiegania Przemocy wobec Dzieci.","og_url":"https:\/\/pppopoczno.pl\/?p=894","og_site_name":"Poradnia Psychologiczno-Pedagogiczna w Opocznie z fili\u0105 w Drzewicy","article_published_time":"2024-12-12T06:30:27+00:00","article_modified_time":"2024-12-13T06:37:47+00:00","author":"admin","twitter_card":"summary_large_image","twitter_misc":{"Napisane przez":"admin","Szacowany czas czytania":"1 minuta"},"schema":{"@context":"https:\/\/schema.org","@graph":[{"@type":"Article","@id":"https:\/\/pppopoczno.pl\/?p=894#article","isPartOf":{"@id":"https:\/\/pppopoczno.pl\/?p=894"},"author":{"name":"admin","@id":"https:\/\/pppopoczno.pl\/#\/schema\/person\/be528a9b182354facc9629bb9c3d792f"},"headline":"\u201eForum Specjalist\u00f3w &#8211; STOP PRZEMOCY\u201d","datePublished":"2024-12-12T06:30:27+00:00","dateModified":"2024-12-13T06:37:47+00:00","mainEntityOfPage":{"@id":"https:\/\/pppopoczno.pl\/?p=894"},"wordCount":184,"publisher":{"@id":"https:\/\/pppopoczno.pl\/#organization"},"articleSection":["G\u0141\u00d3WNA (aktualno\u015bci)"],"inLanguage":"pl-PL"},{"@type":"WebPage","@id":"https:\/\/pppopoczno.pl\/?p=894","url":"https:\/\/pppopoczno.pl\/?p=894","name":"\u201eForum Specjalist\u00f3w - STOP PRZEMOCY\u201d - Poradnia Psychologiczno-Pedagogiczna w Opocznie z fili\u0105 w Drzewicy","isPartOf":{"@id":"https:\/\/pppopoczno.pl\/#website"},"datePublished":"2024-12-12T06:30:27+00:00","dateModified":"2024-12-13T06:37:47+00:00","inLanguage":"pl-PL","potentialAction":[{"@type":"ReadAction","target":["https:\/\/pppopoczno.pl\/?p=894"]}]},{"@type":"WebSite","@id":"https:\/\/pppopoczno.pl\/#website","url":"https:\/\/pppopoczno.pl\/","name":"Poradnia Psychologiczno-Pedagogiczna w Opocznie z fili\u0105 w Drzewicy","description":"&quot;Cz\u0142owiek jest tyle wart, ile mo\u017ce da\u0107 drugiemu cz\u0142owiekowi&quot; \u2013 Jan Pawe\u0142 II","publisher":{"@id":"https:\/\/pppopoczno.pl\/#organization"},"potentialAction":[{"@type":"SearchAction","target":{"@type":"EntryPoint","urlTemplate":"https:\/\/pppopoczno.pl\/?s={search_term_string}"},"query-input":{"@type":"PropertyValueSpecification","valueRequired":true,"valueName":"search_term_string"}}],"inLanguage":"pl-PL"},{"@type":"Organization","@id":"https:\/\/pppopoczno.pl\/#organization","name":"Poradnia Psychologiczno-Pedagogiczna w Opocznie z fili\u0105 w Drzewicy","url":"https:\/\/pppopoczno.pl\/","logo":{"@type":"ImageObject","inLanguage":"pl-PL","@id":"https:\/\/pppopoczno.pl\/#\/schema\/logo\/image\/","url":"","contentUrl":"","caption":"Poradnia Psychologiczno-Pedagogiczna w Opocznie z fili\u0105 w Drzewicy"},"image":{"@id":"https:\/\/pppopoczno.pl\/#\/schema\/logo\/image\/"}},{"@type":"Person","@id":"https:\/\/pppopoczno.pl\/#\/schema\/person\/be528a9b182354facc9629bb9c3d792f","name":"admin","image":{"@type":"ImageObject","inLanguage":"pl-PL","@id":"https:\/\/pppopoczno.pl\/#\/schema\/person\/image\/","url":"https:\/\/secure.gravatar.com\/avatar\/417e349a5b751537e909d25725ed2ea5bccc94139a30d2fb92eccb24c091167d?s=96&d=mm&r=g","contentUrl":"https:\/\/secure.gravatar.com\/avatar\/417e349a5b751537e909d25725ed2ea5bccc94139a30d2fb92eccb24c091167d?s=96&d=mm&r=g","caption":"admin"},"sameAs":["http:\/\/pppopoczno.pl"],"url":"https:\/\/pppopoczno.pl\/?author=1"}]}},"_links":{"self":[{"href":"https:\/\/pppopoczno.pl\/index.php?rest_route=\/wp\/v2\/posts\/894","targetHints":{"allow":["GET"]}}],"collection":[{"href":"https:\/\/pppopoczno.pl\/index.php?rest_route=\/wp\/v2\/posts"}],"about":[{"href":"https:\/\/pppopoczno.pl\/index.php?rest_route=\/wp\/v2\/types\/post"}],"author":[{"embeddable":true,"href":"https:\/\/pppopoczno.pl\/index.php?rest_route=\/wp\/v2\/users\/1"}],"replies":[{"embeddable":true,"href":"https:\/\/pppopoczno.pl\/index.php?rest_route=%2Fwp%2Fv2%2Fcomments&post=894"}],"version-history":[{"count":2,"href":"https:\/\/pppopoczno.pl\/index.php?rest_route=\/wp\/v2\/posts\/894\/revisions"}],"predecessor-version":[{"id":899,"href":"https:\/\/pppopoczno.pl\/index.php?rest_route=\/wp\/v2\/posts\/894\/revisions\/899"}],"wp:attachment":[{"href":"https:\/\/pppopoczno.pl\/index.php?rest_route=%2Fwp%2Fv2%2Fmedia&parent=894"}],"wp:term":[{"taxonomy":"category","embeddable":true,"href":"https:\/\/pppopoczno.pl\/index.php?rest_route=%2Fwp%2Fv2%2Fcategories&post=894"},{"taxonomy":"post_tag","embeddable":true,"href":"https:\/\/pppopoczno.pl\/index.php?rest_route=%2Fwp%2Fv2%2Ftags&post=894"}],"curies":[{"name":"wp","href":"https:\/\/api.w.org\/{rel}","templated":true}]}}