{"id":871,"date":"2024-12-06T08:02:14","date_gmt":"2024-12-06T07:02:14","guid":{"rendered":"https:\/\/pppopoczno.pl\/?p=871"},"modified":"2024-12-09T08:10:53","modified_gmt":"2024-12-09T07:10:53","slug":"autyzm-diagnoza-zaburzenia-rozwojowego","status":"publish","type":"post","link":"https:\/\/pppopoczno.pl\/?p=871","title":{"rendered":"Autyzm \u2013 Diagnoza Zaburzenia Rozwojowego"},"content":{"rendered":"<p><strong>Autyzm \u2013 Diagnoza<\/strong><strong> Zaburzenia Rozwojowego<\/strong><\/p>\n<p>Autyzm to zaburzenie rozwoju, kt\u00f3re wp\u0142ywa na spos\u00f3b, w jaki dana osoba postrzega \u015bwiat i komunikuje si\u0119 z innymi. Objawy autyzmu mog\u0105 obejmowa\u0107 trudno\u015bci w komunikacji, powtarzalne zachowania oraz specyficzne zainteresowania. Cho\u0107 dok\u0142adna przyczyna autyzmu nie jest znana, uwa\u017ca si\u0119, \u017ce wp\u0142yw maj\u0105 czynniki genetyczne i \u015brodowiskowe. Autyzm nie jest chorob\u0105, lecz r\u00f3\u017cnorodnym spektrum, kt\u00f3re mo\u017ce przyjmowa\u0107 r\u00f3\u017cne formy i stopnie nasilenia.<!--more--><\/p>\n<p><strong>Rozpoznanie objaw\u00f3w i zg\u0142oszenie do specjalisty <\/strong><\/p>\n<p>Rodzice, nauczyciele lub opiekunowie zauwa\u017caj\u0105 nietypowe zachowania dziecka (np. trudno\u015bci w komunikacji, brak zainteresowania kontaktami spo\u0142ecznymi, powtarzalne zachowania). Pierwszym korkiem w poprawnej diagnozie autyzmu powinno by\u0107 badanie w poradni psychologiczno-pedagogicznej. W poradni dost\u0119pne s\u0105 testy przesiewowe, kt\u00f3re pozwalaj\u0105 zidentyfikowa\u0107 dzieci wymagaj\u0105ce dalszej diagnostyki.<\/p>\n<p><strong>Wst\u0119pna diagnoza w poradni psychologiczno-pedagogicznej<\/strong><\/p>\n<p>Specjali\u015bci z poradni (psycholog, pedagog, logopeda) przeprowadzaj\u0105 obserwacj\u0119 dziecka oraz wywiad z rodzicami dotycz\u0105cy jego rozwoju. Analizowane s\u0105 dost\u0119pne materia\u0142y, takie jak opinie nauczycieli czy nagrania rodzinne. Dziecko mo\u017ce zosta\u0107 skierowane na dodatkowe badania, np. neurologiczne, audiologiczne czy genetyczne, aby wykluczy\u0107 inne przyczyny trudno\u015bci.<\/p>\n<p><strong>Pog\u0142\u0119biona obserwacja i badania specjalistyczne<\/strong><\/p>\n<p>W przypadku podejrzenia spektrum autyzmu, dziecko jest poddawane szczeg\u00f3\u0142owej diagnozie, kt\u00f3ra mo\u017ce obejmowa\u0107: Obserwacj\u0119 diagnostyczn\u0105 (np. ADOS-2), testy oceniaj\u0105ce rozw\u00f3j dziecka (np. PEP-R, Monachijska Funkcjonalna Skala), konsultacje z neurologiem, logoped\u0105 czy innymi specjalistami w zale\u017cno\u015bci od potrzeb.<\/p>\n<p><strong>Opracowanie diagnozy i rekomendacji<\/strong><\/p>\n<p>Na podstawie zebranych informacji interdyscyplinarny zesp\u00f3\u0142 specjalist\u00f3w (np. psychiatra, psycholog, pedagog) opracowuje diagnoz\u0119. Rodzice otrzymuj\u0105 szczeg\u00f3\u0142owe wyniki diagnozy oraz zalecenia dotycz\u0105ce terapii, wsparcia edukacyjnego i wychowawczego. Dzieciom w spektrum autyzmu przys\u0142uguje orzeczenie o potrzebie kszta\u0142cenia specjalnego, kt\u00f3re umo\u017cliwia dostosowanie procesu edukacyjnego do ich indywidualnych potrzeb. W przypadku m\u0142odszych dzieci, mo\u017cliwe jest r\u00f3wnie\u017c uzyskanie decyzji o obj\u0119ciu wczesnym wspomaganiem rozwoju (WWR), co zapewnia specjalistyczn\u0105 opiek\u0119 terapeutyczn\u0105 ju\u017c na wczesnym etapie rozwoju.<\/p>\n<p><strong>Pliki do pobrania:<\/strong><\/p>\n<p><a href=\"https:\/\/pppopoczno.pl\/wp-content\/uploads\/2024\/12\/Ulotka-Spektrum.pdf\">Autyzm &#8211; ulotka informacyjna<\/a> (plik pdf, rozmiar: 1,14MB)<\/p>\n<style type=\"text\/css\">\n\t#foogallery-gallery-867 .fg-image {\n        width: 150px;\n    }\n<\/style>\n\t\t\t\t<div class=\"foogallery foogallery-container foogallery-default foogallery-lightbox-foogallery fg-gutter-10 fg-center fg-default fg-light fg-border-thin fg-shadow-outline fg-loading-default fg-loaded-fade-in fg-caption-hover fg-hover-fade fg-hover-zoom fg-ready\" id=\"foogallery-gallery-867\" data-foogallery=\"{&quot;item&quot;:{&quot;showCaptionTitle&quot;:true,&quot;showCaptionDescription&quot;:true},&quot;lazy&quot;:true}\" data-foogallery-lightbox=\"{&quot;thumbs&quot;:&quot;bottom&quot;,&quot;thumbsCaptions&quot;:false,&quot;thumbsBestFit&quot;:false,&quot;thumbsSmall&quot;:false,&quot;thumbsCaptionsAlign&quot;:&quot;default&quot;,&quot;info&quot;:&quot;bottom&quot;,&quot;infoVisible&quot;:true,&quot;infoOverlay&quot;:true,&quot;infoAlign&quot;:&quot;default&quot;,&quot;transition&quot;:&quot;fade&quot;,&quot;hoverButtons&quot;:false,&quot;fitMedia&quot;:false,&quot;noScrollbars&quot;:true,&quot;preserveButtonSpace&quot;:true,&quot;buttons&quot;:{&quot;fullscreen&quot;:true,&quot;info&quot;:true,&quot;thumbs&quot;:false},&quot;video&quot;:{&quot;autoPlay&quot;:true}}\" >\n\t<div class=\"fg-item fg-type-image fg-idle\"><figure class=\"fg-item-inner\"><a href=\"https:\/\/pppopoczno.pl\/wp-content\/uploads\/2024\/12\/1.png\" data-caption-desc=\"Autyzm - ulotka informacyjna\" data-attachment-id=\"869\" data-e-disable-page-transition=\"true\" data-type=\"image\" class=\"fg-thumb\"><span class=\"fg-image-wrap\"><img decoding=\"async\" alt=\"Autyzm - ulotka informacyjna\" width=\"150\" height=\"150\" class=\"skip-lazy fg-image\" data-src-fg=\"https:\/\/pppopoczno.pl\/wp-content\/uploads\/cache\/2024\/12\/1\/806441346.png\" src=\"data:image\/svg+xml,%3Csvg%20xmlns%3D%22http%3A%2F%2Fwww.w3.org%2F2000%2Fsvg%22%20width%3D%22150%22%20height%3D%22150%22%20viewBox%3D%220%200%20150%20150%22%3E%3C%2Fsvg%3E\" loading=\"eager\"><\/span><span class=\"fg-image-overlay\"><\/span><\/a><figcaption class=\"fg-caption\"><div class=\"fg-caption-inner\"><div class=\"fg-caption-desc\">Autyzm - ulotka informacyjna<\/div><\/div><\/figcaption><\/figure><div class=\"fg-loader\"><\/div><\/div><div class=\"fg-item fg-type-image fg-idle\"><figure class=\"fg-item-inner\"><a href=\"https:\/\/pppopoczno.pl\/wp-content\/uploads\/2024\/12\/2.png\" data-caption-desc=\"Autyzm - ulotka informacyjna\" data-attachment-id=\"870\" data-e-disable-page-transition=\"true\" data-type=\"image\" class=\"fg-thumb\"><span class=\"fg-image-wrap\"><img decoding=\"async\" alt=\"Autyzm - ulotka informacyjna\" width=\"150\" height=\"150\" class=\"skip-lazy fg-image\" data-src-fg=\"https:\/\/pppopoczno.pl\/wp-content\/uploads\/cache\/2024\/12\/2\/3108044169.png\" src=\"data:image\/svg+xml,%3Csvg%20xmlns%3D%22http%3A%2F%2Fwww.w3.org%2F2000%2Fsvg%22%20width%3D%22150%22%20height%3D%22150%22%20viewBox%3D%220%200%20150%20150%22%3E%3C%2Fsvg%3E\" loading=\"eager\"><\/span><span class=\"fg-image-overlay\"><\/span><\/a><figcaption class=\"fg-caption\"><div class=\"fg-caption-inner\"><div class=\"fg-caption-desc\">Autyzm - ulotka informacyjna<\/div><\/div><\/figcaption><\/figure><div class=\"fg-loader\"><\/div><\/div><\/div>\n\n","protected":false},"excerpt":{"rendered":"<p>Autyzm \u2013 Diagnoza Zaburzenia Rozwojowego Autyzm to zaburzenie rozwoju, kt\u00f3re wp\u0142ywa na spos\u00f3b, w jaki dana osoba postrzega \u015bwiat i komunikuje si\u0119 z innymi. Objawy autyzmu mog\u0105 obejmowa\u0107 trudno\u015bci w komunikacji, powtarzalne zachowania oraz specyficzne zainteresowania. Cho\u0107 dok\u0142adna przyczyna autyzmu nie jest znana, uwa\u017ca si\u0119, \u017ce wp\u0142yw maj\u0105 czynniki genetyczne i \u015brodowiskowe. Autyzm nie jest [&hellip;]<\/p>\n","protected":false},"author":1,"featured_media":0,"comment_status":"closed","ping_status":"closed","sticky":false,"template":"","format":"standard","meta":{"footnotes":""},"categories":[4],"tags":[],"class_list":["post-871","post","type-post","status-publish","format-standard","hentry","category-glowna-aktualnosci"],"yoast_head":"<!-- This site is optimized with the Yoast SEO plugin v26.0 - https:\/\/yoast.com\/wordpress\/plugins\/seo\/ -->\n<title>Autyzm \u2013 Diagnoza Zaburzenia Rozwojowego - Poradnia Psychologiczno-Pedagogiczna w Opocznie z fili\u0105 w Drzewicy<\/title>\n<meta name=\"robots\" content=\"index, follow, max-snippet:-1, max-image-preview:large, max-video-preview:-1\" \/>\n<link rel=\"canonical\" href=\"https:\/\/pppopoczno.pl\/?p=871\" \/>\n<meta property=\"og:locale\" content=\"pl_PL\" \/>\n<meta property=\"og:type\" content=\"article\" \/>\n<meta property=\"og:title\" content=\"Autyzm \u2013 Diagnoza Zaburzenia Rozwojowego - Poradnia Psychologiczno-Pedagogiczna w Opocznie z fili\u0105 w Drzewicy\" \/>\n<meta property=\"og:description\" content=\"Autyzm \u2013 Diagnoza Zaburzenia Rozwojowego Autyzm to zaburzenie rozwoju, kt\u00f3re wp\u0142ywa na spos\u00f3b, w jaki dana osoba postrzega \u015bwiat i komunikuje si\u0119 z innymi. Objawy autyzmu mog\u0105 obejmowa\u0107 trudno\u015bci w komunikacji, powtarzalne zachowania oraz specyficzne zainteresowania. Cho\u0107 dok\u0142adna przyczyna autyzmu nie jest znana, uwa\u017ca si\u0119, \u017ce wp\u0142yw maj\u0105 czynniki genetyczne i \u015brodowiskowe. Autyzm nie jest [&hellip;]\" \/>\n<meta property=\"og:url\" content=\"https:\/\/pppopoczno.pl\/?p=871\" \/>\n<meta property=\"og:site_name\" content=\"Poradnia Psychologiczno-Pedagogiczna w Opocznie z fili\u0105 w Drzewicy\" \/>\n<meta property=\"article:published_time\" content=\"2024-12-06T07:02:14+00:00\" \/>\n<meta property=\"article:modified_time\" content=\"2024-12-09T07:10:53+00:00\" \/>\n<meta name=\"author\" content=\"admin\" \/>\n<meta name=\"twitter:card\" content=\"summary_large_image\" \/>\n<meta name=\"twitter:label1\" content=\"Napisane przez\" \/>\n\t<meta name=\"twitter:data1\" content=\"admin\" \/>\n\t<meta name=\"twitter:label2\" content=\"Szacowany czas czytania\" \/>\n\t<meta name=\"twitter:data2\" content=\"2 minuty\" \/>\n<script type=\"application\/ld+json\" class=\"yoast-schema-graph\">{\"@context\":\"https:\/\/schema.org\",\"@graph\":[{\"@type\":\"Article\",\"@id\":\"https:\/\/pppopoczno.pl\/?p=871#article\",\"isPartOf\":{\"@id\":\"https:\/\/pppopoczno.pl\/?p=871\"},\"author\":{\"name\":\"admin\",\"@id\":\"https:\/\/pppopoczno.pl\/#\/schema\/person\/be528a9b182354facc9629bb9c3d792f\"},\"headline\":\"Autyzm \u2013 Diagnoza Zaburzenia Rozwojowego\",\"datePublished\":\"2024-12-06T07:02:14+00:00\",\"dateModified\":\"2024-12-09T07:10:53+00:00\",\"mainEntityOfPage\":{\"@id\":\"https:\/\/pppopoczno.pl\/?p=871\"},\"wordCount\":342,\"publisher\":{\"@id\":\"https:\/\/pppopoczno.pl\/#organization\"},\"articleSection\":[\"G\u0141\u00d3WNA (aktualno\u015bci)\"],\"inLanguage\":\"pl-PL\"},{\"@type\":\"WebPage\",\"@id\":\"https:\/\/pppopoczno.pl\/?p=871\",\"url\":\"https:\/\/pppopoczno.pl\/?p=871\",\"name\":\"Autyzm \u2013 Diagnoza Zaburzenia Rozwojowego - Poradnia Psychologiczno-Pedagogiczna w Opocznie z fili\u0105 w Drzewicy\",\"isPartOf\":{\"@id\":\"https:\/\/pppopoczno.pl\/#website\"},\"datePublished\":\"2024-12-06T07:02:14+00:00\",\"dateModified\":\"2024-12-09T07:10:53+00:00\",\"inLanguage\":\"pl-PL\",\"potentialAction\":[{\"@type\":\"ReadAction\",\"target\":[\"https:\/\/pppopoczno.pl\/?p=871\"]}]},{\"@type\":\"WebSite\",\"@id\":\"https:\/\/pppopoczno.pl\/#website\",\"url\":\"https:\/\/pppopoczno.pl\/\",\"name\":\"Poradnia Psychologiczno-Pedagogiczna w Opocznie z fili\u0105 w Drzewicy\",\"description\":\"&quot;Cz\u0142owiek jest tyle wart, ile mo\u017ce da\u0107 drugiemu cz\u0142owiekowi&quot; \u2013 Jan Pawe\u0142 II\",\"publisher\":{\"@id\":\"https:\/\/pppopoczno.pl\/#organization\"},\"potentialAction\":[{\"@type\":\"SearchAction\",\"target\":{\"@type\":\"EntryPoint\",\"urlTemplate\":\"https:\/\/pppopoczno.pl\/?s={search_term_string}\"},\"query-input\":{\"@type\":\"PropertyValueSpecification\",\"valueRequired\":true,\"valueName\":\"search_term_string\"}}],\"inLanguage\":\"pl-PL\"},{\"@type\":\"Organization\",\"@id\":\"https:\/\/pppopoczno.pl\/#organization\",\"name\":\"Poradnia Psychologiczno-Pedagogiczna w Opocznie z fili\u0105 w Drzewicy\",\"url\":\"https:\/\/pppopoczno.pl\/\",\"logo\":{\"@type\":\"ImageObject\",\"inLanguage\":\"pl-PL\",\"@id\":\"https:\/\/pppopoczno.pl\/#\/schema\/logo\/image\/\",\"url\":\"\",\"contentUrl\":\"\",\"caption\":\"Poradnia Psychologiczno-Pedagogiczna w Opocznie z fili\u0105 w Drzewicy\"},\"image\":{\"@id\":\"https:\/\/pppopoczno.pl\/#\/schema\/logo\/image\/\"}},{\"@type\":\"Person\",\"@id\":\"https:\/\/pppopoczno.pl\/#\/schema\/person\/be528a9b182354facc9629bb9c3d792f\",\"name\":\"admin\",\"image\":{\"@type\":\"ImageObject\",\"inLanguage\":\"pl-PL\",\"@id\":\"https:\/\/pppopoczno.pl\/#\/schema\/person\/image\/\",\"url\":\"https:\/\/secure.gravatar.com\/avatar\/417e349a5b751537e909d25725ed2ea5bccc94139a30d2fb92eccb24c091167d?s=96&d=mm&r=g\",\"contentUrl\":\"https:\/\/secure.gravatar.com\/avatar\/417e349a5b751537e909d25725ed2ea5bccc94139a30d2fb92eccb24c091167d?s=96&d=mm&r=g\",\"caption\":\"admin\"},\"sameAs\":[\"http:\/\/pppopoczno.pl\"],\"url\":\"https:\/\/pppopoczno.pl\/?author=1\"}]}<\/script>\n<!-- \/ Yoast SEO plugin. -->","yoast_head_json":{"title":"Autyzm \u2013 Diagnoza Zaburzenia Rozwojowego - Poradnia Psychologiczno-Pedagogiczna w Opocznie z fili\u0105 w Drzewicy","robots":{"index":"index","follow":"follow","max-snippet":"max-snippet:-1","max-image-preview":"max-image-preview:large","max-video-preview":"max-video-preview:-1"},"canonical":"https:\/\/pppopoczno.pl\/?p=871","og_locale":"pl_PL","og_type":"article","og_title":"Autyzm \u2013 Diagnoza Zaburzenia Rozwojowego - Poradnia Psychologiczno-Pedagogiczna w Opocznie z fili\u0105 w Drzewicy","og_description":"Autyzm \u2013 Diagnoza Zaburzenia Rozwojowego Autyzm to zaburzenie rozwoju, kt\u00f3re wp\u0142ywa na spos\u00f3b, w jaki dana osoba postrzega \u015bwiat i komunikuje si\u0119 z innymi. Objawy autyzmu mog\u0105 obejmowa\u0107 trudno\u015bci w komunikacji, powtarzalne zachowania oraz specyficzne zainteresowania. Cho\u0107 dok\u0142adna przyczyna autyzmu nie jest znana, uwa\u017ca si\u0119, \u017ce wp\u0142yw maj\u0105 czynniki genetyczne i \u015brodowiskowe. Autyzm nie jest [&hellip;]","og_url":"https:\/\/pppopoczno.pl\/?p=871","og_site_name":"Poradnia Psychologiczno-Pedagogiczna w Opocznie z fili\u0105 w Drzewicy","article_published_time":"2024-12-06T07:02:14+00:00","article_modified_time":"2024-12-09T07:10:53+00:00","author":"admin","twitter_card":"summary_large_image","twitter_misc":{"Napisane przez":"admin","Szacowany czas czytania":"2 minuty"},"schema":{"@context":"https:\/\/schema.org","@graph":[{"@type":"Article","@id":"https:\/\/pppopoczno.pl\/?p=871#article","isPartOf":{"@id":"https:\/\/pppopoczno.pl\/?p=871"},"author":{"name":"admin","@id":"https:\/\/pppopoczno.pl\/#\/schema\/person\/be528a9b182354facc9629bb9c3d792f"},"headline":"Autyzm \u2013 Diagnoza Zaburzenia Rozwojowego","datePublished":"2024-12-06T07:02:14+00:00","dateModified":"2024-12-09T07:10:53+00:00","mainEntityOfPage":{"@id":"https:\/\/pppopoczno.pl\/?p=871"},"wordCount":342,"publisher":{"@id":"https:\/\/pppopoczno.pl\/#organization"},"articleSection":["G\u0141\u00d3WNA (aktualno\u015bci)"],"inLanguage":"pl-PL"},{"@type":"WebPage","@id":"https:\/\/pppopoczno.pl\/?p=871","url":"https:\/\/pppopoczno.pl\/?p=871","name":"Autyzm \u2013 Diagnoza Zaburzenia Rozwojowego - Poradnia Psychologiczno-Pedagogiczna w Opocznie z fili\u0105 w Drzewicy","isPartOf":{"@id":"https:\/\/pppopoczno.pl\/#website"},"datePublished":"2024-12-06T07:02:14+00:00","dateModified":"2024-12-09T07:10:53+00:00","inLanguage":"pl-PL","potentialAction":[{"@type":"ReadAction","target":["https:\/\/pppopoczno.pl\/?p=871"]}]},{"@type":"WebSite","@id":"https:\/\/pppopoczno.pl\/#website","url":"https:\/\/pppopoczno.pl\/","name":"Poradnia Psychologiczno-Pedagogiczna w Opocznie z fili\u0105 w Drzewicy","description":"&quot;Cz\u0142owiek jest tyle wart, ile mo\u017ce da\u0107 drugiemu cz\u0142owiekowi&quot; \u2013 Jan Pawe\u0142 II","publisher":{"@id":"https:\/\/pppopoczno.pl\/#organization"},"potentialAction":[{"@type":"SearchAction","target":{"@type":"EntryPoint","urlTemplate":"https:\/\/pppopoczno.pl\/?s={search_term_string}"},"query-input":{"@type":"PropertyValueSpecification","valueRequired":true,"valueName":"search_term_string"}}],"inLanguage":"pl-PL"},{"@type":"Organization","@id":"https:\/\/pppopoczno.pl\/#organization","name":"Poradnia Psychologiczno-Pedagogiczna w Opocznie z fili\u0105 w Drzewicy","url":"https:\/\/pppopoczno.pl\/","logo":{"@type":"ImageObject","inLanguage":"pl-PL","@id":"https:\/\/pppopoczno.pl\/#\/schema\/logo\/image\/","url":"","contentUrl":"","caption":"Poradnia Psychologiczno-Pedagogiczna w Opocznie z fili\u0105 w Drzewicy"},"image":{"@id":"https:\/\/pppopoczno.pl\/#\/schema\/logo\/image\/"}},{"@type":"Person","@id":"https:\/\/pppopoczno.pl\/#\/schema\/person\/be528a9b182354facc9629bb9c3d792f","name":"admin","image":{"@type":"ImageObject","inLanguage":"pl-PL","@id":"https:\/\/pppopoczno.pl\/#\/schema\/person\/image\/","url":"https:\/\/secure.gravatar.com\/avatar\/417e349a5b751537e909d25725ed2ea5bccc94139a30d2fb92eccb24c091167d?s=96&d=mm&r=g","contentUrl":"https:\/\/secure.gravatar.com\/avatar\/417e349a5b751537e909d25725ed2ea5bccc94139a30d2fb92eccb24c091167d?s=96&d=mm&r=g","caption":"admin"},"sameAs":["http:\/\/pppopoczno.pl"],"url":"https:\/\/pppopoczno.pl\/?author=1"}]}},"_links":{"self":[{"href":"https:\/\/pppopoczno.pl\/index.php?rest_route=\/wp\/v2\/posts\/871","targetHints":{"allow":["GET"]}}],"collection":[{"href":"https:\/\/pppopoczno.pl\/index.php?rest_route=\/wp\/v2\/posts"}],"about":[{"href":"https:\/\/pppopoczno.pl\/index.php?rest_route=\/wp\/v2\/types\/post"}],"author":[{"embeddable":true,"href":"https:\/\/pppopoczno.pl\/index.php?rest_route=\/wp\/v2\/users\/1"}],"replies":[{"embeddable":true,"href":"https:\/\/pppopoczno.pl\/index.php?rest_route=%2Fwp%2Fv2%2Fcomments&post=871"}],"version-history":[{"count":3,"href":"https:\/\/pppopoczno.pl\/index.php?rest_route=\/wp\/v2\/posts\/871\/revisions"}],"predecessor-version":[{"id":874,"href":"https:\/\/pppopoczno.pl\/index.php?rest_route=\/wp\/v2\/posts\/871\/revisions\/874"}],"wp:attachment":[{"href":"https:\/\/pppopoczno.pl\/index.php?rest_route=%2Fwp%2Fv2%2Fmedia&parent=871"}],"wp:term":[{"taxonomy":"category","embeddable":true,"href":"https:\/\/pppopoczno.pl\/index.php?rest_route=%2Fwp%2Fv2%2Fcategories&post=871"},{"taxonomy":"post_tag","embeddable":true,"href":"https:\/\/pppopoczno.pl\/index.php?rest_route=%2Fwp%2Fv2%2Ftags&post=871"}],"curies":[{"name":"wp","href":"https:\/\/api.w.org\/{rel}","templated":true}]}}