{"id":460,"date":"2023-08-25T16:07:07","date_gmt":"2023-08-25T14:07:07","guid":{"rendered":"http:\/\/pppopoczno.pl\/?p=460"},"modified":"2023-10-17T16:13:36","modified_gmt":"2023-10-17T14:13:36","slug":"piknik-powiatowy-planuje-zdrowe-aktywne-zycie-25-08-2023r","status":"publish","type":"post","link":"https:\/\/pppopoczno.pl\/?p=460","title":{"rendered":"Piknik Powiatowy \u201ePlanuj\u0119 zdrowe aktywne \u017cycie\u201d"},"content":{"rendered":"<p>W dniu 25.08.2023r. pracownicy Poradni Psychologiczno-Pedagogicznej w Opocznie uczestniczyli w Powiatowym Pikniku \u201ePlanuj\u0119 zdrowe aktywne \u017cycie\u201d zorganizowanym przez Starostwo Powiatowe w Opocznie.<!--more--><\/p>\n<p>Pracownicy Poradni Psychologiczno-Pedagogicznej w Opocznie: psycholodzy, pedagodzy i logopedzi udzielali porad i konsultacji osobom zg\u0142aszaj\u0105cym si\u0119 po wsparcie, udost\u0119pniali te\u017c materia\u0142y informacyjne.<\/p>\n<p>Podczas pikniku przedstawiono elementy nast\u0119puj\u0105cych form terapeutycznych:<\/p>\n<ul>\n<li>Terapia Biofeedback \u2013 terapia wspomagaj\u0105ca z wykorzystaniem specjalistycznego oprogramowania \u2013 dla dzieci nadpobudliwych \u2013 ADHD, spowolnia\u0142ych psychoruchowo \u2013 ADD, z trudno\u015bciami w nauce, zaburzeniami orientacji przestrzennej, z obni\u017cona sprawno\u015bci\u0105 manualn\u0105, z tikami, op\u00f3\u017anionym rozwojem mowy, autyzmem, Zespo\u0142em Aspergera, afazj\u0105.<\/li>\n<li>Terapia integracji sensorycznej (SI) \u2013 dla dzieci z zaburzeniami integracji sensoryczno-motorycznej.<\/li>\n<\/ul>\n<p>Otwarte punkty, gdzie ka\u017cdy m\u00f3g\u0142 skorzysta\u0107 z element\u00f3w terapii prowadzonych przez pedagog\u00f3w, psycholog\u00f3w oraz logoped\u00f3w cieszy\u0142y si\u0119 bardzo du\u017cym zainteresowaniem, za co serdecznie DZI\u0118KUJEMY&#8230;<\/p>\n<style type=\"text\/css\">\n\t#foogallery-gallery-468 .fg-image {\n        width: 150px;\n    }\n<\/style>\n\t\t\t\t<div class=\"foogallery foogallery-container foogallery-default foogallery-lightbox-foogallery fg-gutter-10 fg-center fg-default fg-light fg-border-thin fg-shadow-outline fg-loading-default fg-loaded-fade-in fg-caption-hover fg-hover-fade fg-hover-zoom fg-ready\" id=\"foogallery-gallery-468\" data-foogallery=\"{&quot;item&quot;:{&quot;showCaptionTitle&quot;:true,&quot;showCaptionDescription&quot;:true},&quot;lazy&quot;:true}\" data-foogallery-lightbox=\"{&quot;thumbs&quot;:&quot;bottom&quot;,&quot;thumbsCaptions&quot;:false,&quot;thumbsBestFit&quot;:false,&quot;thumbsSmall&quot;:false,&quot;thumbsCaptionsAlign&quot;:&quot;default&quot;,&quot;info&quot;:&quot;bottom&quot;,&quot;infoVisible&quot;:true,&quot;infoOverlay&quot;:true,&quot;infoAlign&quot;:&quot;default&quot;,&quot;transition&quot;:&quot;fade&quot;,&quot;hoverButtons&quot;:false,&quot;fitMedia&quot;:false,&quot;noScrollbars&quot;:true,&quot;preserveButtonSpace&quot;:true,&quot;buttons&quot;:{&quot;fullscreen&quot;:true,&quot;info&quot;:true,&quot;thumbs&quot;:false},&quot;video&quot;:{&quot;autoPlay&quot;:true}}\" >\n\t<div class=\"fg-item fg-type-image fg-idle\"><figure class=\"fg-item-inner\"><a href=\"https:\/\/pppopoczno.pl\/wp-content\/uploads\/2023\/10\/Punkt-dla-dzieci-podczas-Pikniku-Planuje-zdrowe-aktywne-zycie-1.jpg\" data-caption-desc=\"Punkt dla dzieci podczas Pikniku Planuj\u0119 zdrowe aktywne \u017cycie\" data-attachment-id=\"467\" data-e-disable-page-transition=\"true\" data-type=\"image\" class=\"fg-thumb\"><span class=\"fg-image-wrap\"><img decoding=\"async\" alt=\"Punkt dla dzieci podczas Pikniku Planuj\u0119 zdrowe aktywne \u017cycie\" width=\"150\" height=\"150\" class=\"skip-lazy fg-image\" data-src-fg=\"https:\/\/pppopoczno.pl\/wp-content\/uploads\/cache\/2023\/10\/Punkt-dla-dzieci-podczas-Pikniku-Planuje-zdrowe-aktywne-zycie-1\/1511264514.jpg\" src=\"data:image\/svg+xml,%3Csvg%20xmlns%3D%22http%3A%2F%2Fwww.w3.org%2F2000%2Fsvg%22%20width%3D%22150%22%20height%3D%22150%22%20viewBox%3D%220%200%20150%20150%22%3E%3C%2Fsvg%3E\" loading=\"eager\"><\/span><span class=\"fg-image-overlay\"><\/span><\/a><figcaption class=\"fg-caption\"><div class=\"fg-caption-inner\"><div class=\"fg-caption-desc\">Punkt dla dzieci podczas Pikniku Planuj\u0119 zdrowe aktywne \u017cycie<\/div><\/div><\/figcaption><\/figure><div class=\"fg-loader\"><\/div><\/div><div class=\"fg-item fg-type-image fg-idle\"><figure class=\"fg-item-inner\"><a href=\"https:\/\/pppopoczno.pl\/wp-content\/uploads\/2023\/10\/Punkt-dla-dzieci-podczas-Pikniku-Planuje-zdrowe-aktywne-zycie.jpg\" data-caption-desc=\"Punkt dla dzieci podczas Pikniku Planuje zdrowe aktywne \u017cycie\" data-attachment-id=\"466\" data-e-disable-page-transition=\"true\" data-type=\"image\" class=\"fg-thumb\"><span class=\"fg-image-wrap\"><img decoding=\"async\" alt=\"Punkt dla dzieci podczas Pikniku Planuje zdrowe aktywne \u017cycie\" width=\"150\" height=\"150\" class=\"skip-lazy fg-image\" data-src-fg=\"https:\/\/pppopoczno.pl\/wp-content\/uploads\/cache\/2023\/10\/Punkt-dla-dzieci-podczas-Pikniku-Planuje-zdrowe-aktywne-zycie\/3407504659.jpg\" src=\"data:image\/svg+xml,%3Csvg%20xmlns%3D%22http%3A%2F%2Fwww.w3.org%2F2000%2Fsvg%22%20width%3D%22150%22%20height%3D%22150%22%20viewBox%3D%220%200%20150%20150%22%3E%3C%2Fsvg%3E\" loading=\"eager\"><\/span><span class=\"fg-image-overlay\"><\/span><\/a><figcaption class=\"fg-caption\"><div class=\"fg-caption-inner\"><div class=\"fg-caption-desc\">Punkt dla dzieci podczas Pikniku Planuje zdrowe aktywne \u017cycie<\/div><\/div><\/figcaption><\/figure><div class=\"fg-loader\"><\/div><\/div><div class=\"fg-item fg-type-image fg-idle\"><figure class=\"fg-item-inner\"><a href=\"https:\/\/pppopoczno.pl\/wp-content\/uploads\/2023\/10\/Punkt-dla-dzieci-podczas-Pikniku-Planuje-zdrowe-aktywne-zycie-1-1.jpg\" data-caption-desc=\"Punkt dla dzieci podczas Pikniku Planuje zdrowe aktywne \u017cycie ,\" data-attachment-id=\"465\" data-e-disable-page-transition=\"true\" data-type=\"image\" class=\"fg-thumb\"><span class=\"fg-image-wrap\"><img decoding=\"async\" alt=\"Punkt dla dzieci podczas Pikniku Planuje zdrowe aktywne \u017cycie ,\" width=\"150\" height=\"150\" class=\"skip-lazy fg-image\" data-src-fg=\"https:\/\/pppopoczno.pl\/wp-content\/uploads\/cache\/2023\/10\/Punkt-dla-dzieci-podczas-Pikniku-Planuje-zdrowe-aktywne-zycie-1-1\/3529769521.jpg\" src=\"data:image\/svg+xml,%3Csvg%20xmlns%3D%22http%3A%2F%2Fwww.w3.org%2F2000%2Fsvg%22%20width%3D%22150%22%20height%3D%22150%22%20viewBox%3D%220%200%20150%20150%22%3E%3C%2Fsvg%3E\" loading=\"eager\"><\/span><span class=\"fg-image-overlay\"><\/span><\/a><figcaption class=\"fg-caption\"><div class=\"fg-caption-inner\"><div class=\"fg-caption-desc\">Punkt dla dzieci podczas Pikniku Planuje zdrowe aktywne \u017cycie ,<\/div><\/div><\/figcaption><\/figure><div class=\"fg-loader\"><\/div><\/div><div class=\"fg-item fg-type-image fg-idle\"><figure class=\"fg-item-inner\"><a href=\"https:\/\/pppopoczno.pl\/wp-content\/uploads\/2023\/10\/Punkt-dla-dzieci-podczas-Pikniku-Planuje-zdrowe-aktywne-zycie-.jpg\" data-caption-desc=\"Punkt dla dzieci podczas Pikniku Planuje zdrowe aktywne \u017cycie ,\" data-attachment-id=\"464\" data-e-disable-page-transition=\"true\" data-type=\"image\" class=\"fg-thumb\"><span class=\"fg-image-wrap\"><img decoding=\"async\" alt=\"Punkt dla dzieci podczas Pikniku Planuje zdrowe aktywne \u017cycie ,\" width=\"150\" height=\"150\" class=\"skip-lazy fg-image\" data-src-fg=\"https:\/\/pppopoczno.pl\/wp-content\/uploads\/cache\/2023\/10\/Punkt-dla-dzieci-podczas-Pikniku-Planuje-zdrowe-aktywne-zycie-\/1858012657.jpg\" src=\"data:image\/svg+xml,%3Csvg%20xmlns%3D%22http%3A%2F%2Fwww.w3.org%2F2000%2Fsvg%22%20width%3D%22150%22%20height%3D%22150%22%20viewBox%3D%220%200%20150%20150%22%3E%3C%2Fsvg%3E\" loading=\"eager\"><\/span><span class=\"fg-image-overlay\"><\/span><\/a><figcaption class=\"fg-caption\"><div class=\"fg-caption-inner\"><div class=\"fg-caption-desc\">Punkt dla dzieci podczas Pikniku Planuje zdrowe aktywne \u017cycie ,<\/div><\/div><\/figcaption><\/figure><div class=\"fg-loader\"><\/div><\/div><div class=\"fg-item fg-type-image fg-idle\"><figure class=\"fg-item-inner\"><a href=\"https:\/\/pppopoczno.pl\/wp-content\/uploads\/2023\/10\/Pracownicy-Poradni-podczas-Powiatowego-Pikniku-Planuje-zdrowe-aktywne-zycie.jpg\" data-caption-desc=\"Pracownicy Poradni podczas Powiatowego Pikniku Planuj\u0119 zdrowe, aktywne \u017cycie\" data-attachment-id=\"463\" data-e-disable-page-transition=\"true\" data-type=\"image\" class=\"fg-thumb\"><span class=\"fg-image-wrap\"><img decoding=\"async\" alt=\"Pracownicy Poradni podczas Powiatowego Pikniku Planuj\u0119 zdrowe, aktywne \u017cycie\" width=\"150\" height=\"150\" class=\"skip-lazy fg-image\" data-src-fg=\"https:\/\/pppopoczno.pl\/wp-content\/uploads\/cache\/2023\/10\/Pracownicy-Poradni-podczas-Powiatowego-Pikniku-Planuje-zdrowe-aktywne-zycie\/1775870021.jpg\" src=\"data:image\/svg+xml,%3Csvg%20xmlns%3D%22http%3A%2F%2Fwww.w3.org%2F2000%2Fsvg%22%20width%3D%22150%22%20height%3D%22150%22%20viewBox%3D%220%200%20150%20150%22%3E%3C%2Fsvg%3E\" loading=\"eager\"><\/span><span class=\"fg-image-overlay\"><\/span><\/a><figcaption class=\"fg-caption\"><div class=\"fg-caption-inner\"><div class=\"fg-caption-desc\">Pracownicy Poradni podczas Powiatowego Pikniku Planuj\u0119 zdrowe, aktywne \u017cycie<\/div><\/div><\/figcaption><\/figure><div class=\"fg-loader\"><\/div><\/div><\/div>\n\n<p><strong>Autor artyku\u0142u:<\/strong> Anna Borowiecka<\/p>\n","protected":false},"excerpt":{"rendered":"<p>W dniu 25.08.2023r. pracownicy Poradni Psychologiczno-Pedagogicznej w Opocznie uczestniczyli w Powiatowym Pikniku \u201ePlanuj\u0119 zdrowe aktywne \u017cycie\u201d zorganizowanym przez Starostwo Powiatowe w Opocznie.<\/p>\n","protected":false},"author":1,"featured_media":0,"comment_status":"closed","ping_status":"closed","sticky":false,"template":"","format":"standard","meta":{"footnotes":""},"categories":[4],"tags":[],"class_list":["post-460","post","type-post","status-publish","format-standard","hentry","category-glowna-aktualnosci"],"yoast_head":"<!-- This site is optimized with the Yoast SEO plugin v26.0 - https:\/\/yoast.com\/wordpress\/plugins\/seo\/ -->\n<title>Piknik Powiatowy \u201ePlanuj\u0119 zdrowe aktywne \u017cycie\u201d - Poradnia Psychologiczno-Pedagogiczna w Opocznie z fili\u0105 w Drzewicy<\/title>\n<meta name=\"robots\" content=\"index, follow, max-snippet:-1, max-image-preview:large, max-video-preview:-1\" \/>\n<link rel=\"canonical\" href=\"https:\/\/pppopoczno.pl\/?p=460\" \/>\n<meta property=\"og:locale\" content=\"pl_PL\" \/>\n<meta property=\"og:type\" content=\"article\" \/>\n<meta property=\"og:title\" content=\"Piknik Powiatowy \u201ePlanuj\u0119 zdrowe aktywne \u017cycie\u201d - Poradnia Psychologiczno-Pedagogiczna w Opocznie z fili\u0105 w Drzewicy\" \/>\n<meta property=\"og:description\" content=\"W dniu 25.08.2023r. pracownicy Poradni Psychologiczno-Pedagogicznej w Opocznie uczestniczyli w Powiatowym Pikniku \u201ePlanuj\u0119 zdrowe aktywne \u017cycie\u201d zorganizowanym przez Starostwo Powiatowe w Opocznie.\" \/>\n<meta property=\"og:url\" content=\"https:\/\/pppopoczno.pl\/?p=460\" \/>\n<meta property=\"og:site_name\" content=\"Poradnia Psychologiczno-Pedagogiczna w Opocznie z fili\u0105 w Drzewicy\" \/>\n<meta property=\"article:published_time\" content=\"2023-08-25T14:07:07+00:00\" \/>\n<meta property=\"article:modified_time\" content=\"2023-10-17T14:13:36+00:00\" \/>\n<meta name=\"author\" content=\"admin\" \/>\n<meta name=\"twitter:card\" content=\"summary_large_image\" \/>\n<meta name=\"twitter:label1\" content=\"Napisane przez\" \/>\n\t<meta name=\"twitter:data1\" content=\"admin\" \/>\n\t<meta name=\"twitter:label2\" content=\"Szacowany czas czytania\" \/>\n\t<meta name=\"twitter:data2\" content=\"1 minuta\" \/>\n<script type=\"application\/ld+json\" class=\"yoast-schema-graph\">{\"@context\":\"https:\/\/schema.org\",\"@graph\":[{\"@type\":\"Article\",\"@id\":\"https:\/\/pppopoczno.pl\/?p=460#article\",\"isPartOf\":{\"@id\":\"https:\/\/pppopoczno.pl\/?p=460\"},\"author\":{\"name\":\"admin\",\"@id\":\"https:\/\/pppopoczno.pl\/#\/schema\/person\/be528a9b182354facc9629bb9c3d792f\"},\"headline\":\"Piknik Powiatowy \u201ePlanuj\u0119 zdrowe aktywne \u017cycie\u201d\",\"datePublished\":\"2023-08-25T14:07:07+00:00\",\"dateModified\":\"2023-10-17T14:13:36+00:00\",\"mainEntityOfPage\":{\"@id\":\"https:\/\/pppopoczno.pl\/?p=460\"},\"wordCount\":155,\"publisher\":{\"@id\":\"https:\/\/pppopoczno.pl\/#organization\"},\"articleSection\":[\"G\u0141\u00d3WNA (aktualno\u015bci)\"],\"inLanguage\":\"pl-PL\"},{\"@type\":\"WebPage\",\"@id\":\"https:\/\/pppopoczno.pl\/?p=460\",\"url\":\"https:\/\/pppopoczno.pl\/?p=460\",\"name\":\"Piknik Powiatowy \u201ePlanuj\u0119 zdrowe aktywne \u017cycie\u201d - Poradnia Psychologiczno-Pedagogiczna w Opocznie z fili\u0105 w Drzewicy\",\"isPartOf\":{\"@id\":\"https:\/\/pppopoczno.pl\/#website\"},\"datePublished\":\"2023-08-25T14:07:07+00:00\",\"dateModified\":\"2023-10-17T14:13:36+00:00\",\"inLanguage\":\"pl-PL\",\"potentialAction\":[{\"@type\":\"ReadAction\",\"target\":[\"https:\/\/pppopoczno.pl\/?p=460\"]}]},{\"@type\":\"WebSite\",\"@id\":\"https:\/\/pppopoczno.pl\/#website\",\"url\":\"https:\/\/pppopoczno.pl\/\",\"name\":\"Poradnia Psychologiczno-Pedagogiczna w Opocznie z fili\u0105 w Drzewicy\",\"description\":\"&quot;Cz\u0142owiek jest tyle wart, ile mo\u017ce da\u0107 drugiemu cz\u0142owiekowi&quot; \u2013 Jan Pawe\u0142 II\",\"publisher\":{\"@id\":\"https:\/\/pppopoczno.pl\/#organization\"},\"potentialAction\":[{\"@type\":\"SearchAction\",\"target\":{\"@type\":\"EntryPoint\",\"urlTemplate\":\"https:\/\/pppopoczno.pl\/?s={search_term_string}\"},\"query-input\":{\"@type\":\"PropertyValueSpecification\",\"valueRequired\":true,\"valueName\":\"search_term_string\"}}],\"inLanguage\":\"pl-PL\"},{\"@type\":\"Organization\",\"@id\":\"https:\/\/pppopoczno.pl\/#organization\",\"name\":\"Poradnia Psychologiczno-Pedagogiczna w Opocznie z fili\u0105 w Drzewicy\",\"url\":\"https:\/\/pppopoczno.pl\/\",\"logo\":{\"@type\":\"ImageObject\",\"inLanguage\":\"pl-PL\",\"@id\":\"https:\/\/pppopoczno.pl\/#\/schema\/logo\/image\/\",\"url\":\"\",\"contentUrl\":\"\",\"caption\":\"Poradnia Psychologiczno-Pedagogiczna w Opocznie z fili\u0105 w Drzewicy\"},\"image\":{\"@id\":\"https:\/\/pppopoczno.pl\/#\/schema\/logo\/image\/\"}},{\"@type\":\"Person\",\"@id\":\"https:\/\/pppopoczno.pl\/#\/schema\/person\/be528a9b182354facc9629bb9c3d792f\",\"name\":\"admin\",\"image\":{\"@type\":\"ImageObject\",\"inLanguage\":\"pl-PL\",\"@id\":\"https:\/\/pppopoczno.pl\/#\/schema\/person\/image\/\",\"url\":\"https:\/\/secure.gravatar.com\/avatar\/417e349a5b751537e909d25725ed2ea5bccc94139a30d2fb92eccb24c091167d?s=96&d=mm&r=g\",\"contentUrl\":\"https:\/\/secure.gravatar.com\/avatar\/417e349a5b751537e909d25725ed2ea5bccc94139a30d2fb92eccb24c091167d?s=96&d=mm&r=g\",\"caption\":\"admin\"},\"sameAs\":[\"http:\/\/pppopoczno.pl\"],\"url\":\"https:\/\/pppopoczno.pl\/?author=1\"}]}<\/script>\n<!-- \/ Yoast SEO plugin. -->","yoast_head_json":{"title":"Piknik Powiatowy \u201ePlanuj\u0119 zdrowe aktywne \u017cycie\u201d - Poradnia Psychologiczno-Pedagogiczna w Opocznie z fili\u0105 w Drzewicy","robots":{"index":"index","follow":"follow","max-snippet":"max-snippet:-1","max-image-preview":"max-image-preview:large","max-video-preview":"max-video-preview:-1"},"canonical":"https:\/\/pppopoczno.pl\/?p=460","og_locale":"pl_PL","og_type":"article","og_title":"Piknik Powiatowy \u201ePlanuj\u0119 zdrowe aktywne \u017cycie\u201d - Poradnia Psychologiczno-Pedagogiczna w Opocznie z fili\u0105 w Drzewicy","og_description":"W dniu 25.08.2023r. pracownicy Poradni Psychologiczno-Pedagogicznej w Opocznie uczestniczyli w Powiatowym Pikniku \u201ePlanuj\u0119 zdrowe aktywne \u017cycie\u201d zorganizowanym przez Starostwo Powiatowe w Opocznie.","og_url":"https:\/\/pppopoczno.pl\/?p=460","og_site_name":"Poradnia Psychologiczno-Pedagogiczna w Opocznie z fili\u0105 w Drzewicy","article_published_time":"2023-08-25T14:07:07+00:00","article_modified_time":"2023-10-17T14:13:36+00:00","author":"admin","twitter_card":"summary_large_image","twitter_misc":{"Napisane przez":"admin","Szacowany czas czytania":"1 minuta"},"schema":{"@context":"https:\/\/schema.org","@graph":[{"@type":"Article","@id":"https:\/\/pppopoczno.pl\/?p=460#article","isPartOf":{"@id":"https:\/\/pppopoczno.pl\/?p=460"},"author":{"name":"admin","@id":"https:\/\/pppopoczno.pl\/#\/schema\/person\/be528a9b182354facc9629bb9c3d792f"},"headline":"Piknik Powiatowy \u201ePlanuj\u0119 zdrowe aktywne \u017cycie\u201d","datePublished":"2023-08-25T14:07:07+00:00","dateModified":"2023-10-17T14:13:36+00:00","mainEntityOfPage":{"@id":"https:\/\/pppopoczno.pl\/?p=460"},"wordCount":155,"publisher":{"@id":"https:\/\/pppopoczno.pl\/#organization"},"articleSection":["G\u0141\u00d3WNA (aktualno\u015bci)"],"inLanguage":"pl-PL"},{"@type":"WebPage","@id":"https:\/\/pppopoczno.pl\/?p=460","url":"https:\/\/pppopoczno.pl\/?p=460","name":"Piknik Powiatowy \u201ePlanuj\u0119 zdrowe aktywne \u017cycie\u201d - Poradnia Psychologiczno-Pedagogiczna w Opocznie z fili\u0105 w Drzewicy","isPartOf":{"@id":"https:\/\/pppopoczno.pl\/#website"},"datePublished":"2023-08-25T14:07:07+00:00","dateModified":"2023-10-17T14:13:36+00:00","inLanguage":"pl-PL","potentialAction":[{"@type":"ReadAction","target":["https:\/\/pppopoczno.pl\/?p=460"]}]},{"@type":"WebSite","@id":"https:\/\/pppopoczno.pl\/#website","url":"https:\/\/pppopoczno.pl\/","name":"Poradnia Psychologiczno-Pedagogiczna w Opocznie z fili\u0105 w Drzewicy","description":"&quot;Cz\u0142owiek jest tyle wart, ile mo\u017ce da\u0107 drugiemu cz\u0142owiekowi&quot; \u2013 Jan Pawe\u0142 II","publisher":{"@id":"https:\/\/pppopoczno.pl\/#organization"},"potentialAction":[{"@type":"SearchAction","target":{"@type":"EntryPoint","urlTemplate":"https:\/\/pppopoczno.pl\/?s={search_term_string}"},"query-input":{"@type":"PropertyValueSpecification","valueRequired":true,"valueName":"search_term_string"}}],"inLanguage":"pl-PL"},{"@type":"Organization","@id":"https:\/\/pppopoczno.pl\/#organization","name":"Poradnia Psychologiczno-Pedagogiczna w Opocznie z fili\u0105 w Drzewicy","url":"https:\/\/pppopoczno.pl\/","logo":{"@type":"ImageObject","inLanguage":"pl-PL","@id":"https:\/\/pppopoczno.pl\/#\/schema\/logo\/image\/","url":"","contentUrl":"","caption":"Poradnia Psychologiczno-Pedagogiczna w Opocznie z fili\u0105 w Drzewicy"},"image":{"@id":"https:\/\/pppopoczno.pl\/#\/schema\/logo\/image\/"}},{"@type":"Person","@id":"https:\/\/pppopoczno.pl\/#\/schema\/person\/be528a9b182354facc9629bb9c3d792f","name":"admin","image":{"@type":"ImageObject","inLanguage":"pl-PL","@id":"https:\/\/pppopoczno.pl\/#\/schema\/person\/image\/","url":"https:\/\/secure.gravatar.com\/avatar\/417e349a5b751537e909d25725ed2ea5bccc94139a30d2fb92eccb24c091167d?s=96&d=mm&r=g","contentUrl":"https:\/\/secure.gravatar.com\/avatar\/417e349a5b751537e909d25725ed2ea5bccc94139a30d2fb92eccb24c091167d?s=96&d=mm&r=g","caption":"admin"},"sameAs":["http:\/\/pppopoczno.pl"],"url":"https:\/\/pppopoczno.pl\/?author=1"}]}},"_links":{"self":[{"href":"https:\/\/pppopoczno.pl\/index.php?rest_route=\/wp\/v2\/posts\/460","targetHints":{"allow":["GET"]}}],"collection":[{"href":"https:\/\/pppopoczno.pl\/index.php?rest_route=\/wp\/v2\/posts"}],"about":[{"href":"https:\/\/pppopoczno.pl\/index.php?rest_route=\/wp\/v2\/types\/post"}],"author":[{"embeddable":true,"href":"https:\/\/pppopoczno.pl\/index.php?rest_route=\/wp\/v2\/users\/1"}],"replies":[{"embeddable":true,"href":"https:\/\/pppopoczno.pl\/index.php?rest_route=%2Fwp%2Fv2%2Fcomments&post=460"}],"version-history":[{"count":4,"href":"https:\/\/pppopoczno.pl\/index.php?rest_route=\/wp\/v2\/posts\/460\/revisions"}],"predecessor-version":[{"id":470,"href":"https:\/\/pppopoczno.pl\/index.php?rest_route=\/wp\/v2\/posts\/460\/revisions\/470"}],"wp:attachment":[{"href":"https:\/\/pppopoczno.pl\/index.php?rest_route=%2Fwp%2Fv2%2Fmedia&parent=460"}],"wp:term":[{"taxonomy":"category","embeddable":true,"href":"https:\/\/pppopoczno.pl\/index.php?rest_route=%2Fwp%2Fv2%2Fcategories&post=460"},{"taxonomy":"post_tag","embeddable":true,"href":"https:\/\/pppopoczno.pl\/index.php?rest_route=%2Fwp%2Fv2%2Ftags&post=460"}],"curies":[{"name":"wp","href":"https:\/\/api.w.org\/{rel}","templated":true}]}}