{"id":320,"date":"2023-05-04T13:57:06","date_gmt":"2023-05-04T11:57:06","guid":{"rendered":"http:\/\/pppopoczno.pl\/?p=320"},"modified":"2023-05-08T08:10:18","modified_gmt":"2023-05-08T06:10:18","slug":"uwaga-wazna-informacja-2","status":"publish","type":"post","link":"https:\/\/pppopoczno.pl\/?p=320","title":{"rendered":"UWAGA ! &#8211; WA\u017bNA INFORMACJA"},"content":{"rendered":"<p>W zwi\u0105zku z zaplanowanym remontem lokalu Poradni Psychologiczno-Pedagogicznej w Opocznie Filia w Drzewicy przy ulicy Staszica 5 <strong>od 09.05.2023r. <\/strong>zmieniamy czasowo siedzib\u0119.<\/p>\n<p><strong>Filia Poradni Psychologiczno-Pedagogicznej w Drzewicy b\u0119dzie mie\u015bci\u0107 si\u0119 w budynku Powiatowego Domu Pomocy Spo\u0142ecznej w Drzewicy (2 pi\u0119tro), przy ulicy Stawowej 21.<\/strong><\/p>\n<p>W zwi\u0105zku z powy\u017cszym kontakt z sekretariatem wy\u0142\u0105cznie pod numerem telefonu <strong>726\u00a0336\u00a0330<\/strong>.<\/p>\n<p>Pozosta\u0142e, jak adres mailowy i strony internetowe pozostaj\u0105 bez zmian.<\/p>\n","protected":false},"excerpt":{"rendered":"<p>W zwi\u0105zku z zaplanowanym remontem lokalu Poradni Psychologiczno-Pedagogicznej w Opocznie Filia w Drzewicy przy ulicy Staszica 5 od 09.05.2023r. zmieniamy czasowo siedzib\u0119. Filia Poradni Psychologiczno-Pedagogicznej w Drzewicy b\u0119dzie mie\u015bci\u0107 si\u0119 w budynku Powiatowego Domu Pomocy Spo\u0142ecznej w Drzewicy (2 pi\u0119tro), przy ulicy Stawowej 21. W zwi\u0105zku z powy\u017cszym kontakt z sekretariatem wy\u0142\u0105cznie pod numerem telefonu [&hellip;]<\/p>\n","protected":false},"author":1,"featured_media":0,"comment_status":"closed","ping_status":"closed","sticky":false,"template":"","format":"standard","meta":{"footnotes":""},"categories":[4],"tags":[],"class_list":["post-320","post","type-post","status-publish","format-standard","hentry","category-glowna-aktualnosci"],"yoast_head":"<!-- This site is optimized with the Yoast SEO plugin v26.0 - https:\/\/yoast.com\/wordpress\/plugins\/seo\/ -->\n<title>UWAGA ! - WA\u017bNA INFORMACJA - Poradnia Psychologiczno-Pedagogiczna w Opocznie z fili\u0105 w Drzewicy<\/title>\n<meta name=\"robots\" content=\"index, follow, max-snippet:-1, max-image-preview:large, max-video-preview:-1\" \/>\n<link rel=\"canonical\" href=\"https:\/\/pppopoczno.pl\/?p=320\" \/>\n<meta property=\"og:locale\" content=\"pl_PL\" \/>\n<meta property=\"og:type\" content=\"article\" \/>\n<meta property=\"og:title\" content=\"UWAGA ! - WA\u017bNA INFORMACJA - Poradnia Psychologiczno-Pedagogiczna w Opocznie z fili\u0105 w Drzewicy\" \/>\n<meta property=\"og:description\" content=\"W zwi\u0105zku z zaplanowanym remontem lokalu Poradni Psychologiczno-Pedagogicznej w Opocznie Filia w Drzewicy przy ulicy Staszica 5 od 09.05.2023r. zmieniamy czasowo siedzib\u0119. Filia Poradni Psychologiczno-Pedagogicznej w Drzewicy b\u0119dzie mie\u015bci\u0107 si\u0119 w budynku Powiatowego Domu Pomocy Spo\u0142ecznej w Drzewicy (2 pi\u0119tro), przy ulicy Stawowej 21. W zwi\u0105zku z powy\u017cszym kontakt z sekretariatem wy\u0142\u0105cznie pod numerem telefonu [&hellip;]\" \/>\n<meta property=\"og:url\" content=\"https:\/\/pppopoczno.pl\/?p=320\" \/>\n<meta property=\"og:site_name\" content=\"Poradnia Psychologiczno-Pedagogiczna w Opocznie z fili\u0105 w Drzewicy\" \/>\n<meta property=\"article:published_time\" content=\"2023-05-04T11:57:06+00:00\" \/>\n<meta property=\"article:modified_time\" content=\"2023-05-08T06:10:18+00:00\" \/>\n<meta name=\"author\" content=\"admin\" \/>\n<meta name=\"twitter:card\" content=\"summary_large_image\" \/>\n<meta name=\"twitter:label1\" content=\"Napisane przez\" \/>\n\t<meta name=\"twitter:data1\" content=\"admin\" \/>\n\t<meta name=\"twitter:label2\" content=\"Szacowany czas czytania\" \/>\n\t<meta name=\"twitter:data2\" content=\"1 minuta\" \/>\n<script type=\"application\/ld+json\" class=\"yoast-schema-graph\">{\"@context\":\"https:\/\/schema.org\",\"@graph\":[{\"@type\":\"Article\",\"@id\":\"https:\/\/pppopoczno.pl\/?p=320#article\",\"isPartOf\":{\"@id\":\"https:\/\/pppopoczno.pl\/?p=320\"},\"author\":{\"name\":\"admin\",\"@id\":\"https:\/\/pppopoczno.pl\/#\/schema\/person\/be528a9b182354facc9629bb9c3d792f\"},\"headline\":\"UWAGA ! &#8211; WA\u017bNA INFORMACJA\",\"datePublished\":\"2023-05-04T11:57:06+00:00\",\"dateModified\":\"2023-05-08T06:10:18+00:00\",\"mainEntityOfPage\":{\"@id\":\"https:\/\/pppopoczno.pl\/?p=320\"},\"wordCount\":76,\"publisher\":{\"@id\":\"https:\/\/pppopoczno.pl\/#organization\"},\"articleSection\":[\"G\u0141\u00d3WNA (aktualno\u015bci)\"],\"inLanguage\":\"pl-PL\"},{\"@type\":\"WebPage\",\"@id\":\"https:\/\/pppopoczno.pl\/?p=320\",\"url\":\"https:\/\/pppopoczno.pl\/?p=320\",\"name\":\"UWAGA ! - WA\u017bNA INFORMACJA - Poradnia Psychologiczno-Pedagogiczna w Opocznie z fili\u0105 w Drzewicy\",\"isPartOf\":{\"@id\":\"https:\/\/pppopoczno.pl\/#website\"},\"datePublished\":\"2023-05-04T11:57:06+00:00\",\"dateModified\":\"2023-05-08T06:10:18+00:00\",\"inLanguage\":\"pl-PL\",\"potentialAction\":[{\"@type\":\"ReadAction\",\"target\":[\"https:\/\/pppopoczno.pl\/?p=320\"]}]},{\"@type\":\"WebSite\",\"@id\":\"https:\/\/pppopoczno.pl\/#website\",\"url\":\"https:\/\/pppopoczno.pl\/\",\"name\":\"Poradnia Psychologiczno-Pedagogiczna w Opocznie z fili\u0105 w Drzewicy\",\"description\":\"&quot;Cz\u0142owiek jest tyle wart, ile mo\u017ce da\u0107 drugiemu cz\u0142owiekowi&quot; \u2013 Jan Pawe\u0142 II\",\"publisher\":{\"@id\":\"https:\/\/pppopoczno.pl\/#organization\"},\"potentialAction\":[{\"@type\":\"SearchAction\",\"target\":{\"@type\":\"EntryPoint\",\"urlTemplate\":\"https:\/\/pppopoczno.pl\/?s={search_term_string}\"},\"query-input\":{\"@type\":\"PropertyValueSpecification\",\"valueRequired\":true,\"valueName\":\"search_term_string\"}}],\"inLanguage\":\"pl-PL\"},{\"@type\":\"Organization\",\"@id\":\"https:\/\/pppopoczno.pl\/#organization\",\"name\":\"Poradnia Psychologiczno-Pedagogiczna w Opocznie z fili\u0105 w Drzewicy\",\"url\":\"https:\/\/pppopoczno.pl\/\",\"logo\":{\"@type\":\"ImageObject\",\"inLanguage\":\"pl-PL\",\"@id\":\"https:\/\/pppopoczno.pl\/#\/schema\/logo\/image\/\",\"url\":\"\",\"contentUrl\":\"\",\"caption\":\"Poradnia Psychologiczno-Pedagogiczna w Opocznie z fili\u0105 w Drzewicy\"},\"image\":{\"@id\":\"https:\/\/pppopoczno.pl\/#\/schema\/logo\/image\/\"}},{\"@type\":\"Person\",\"@id\":\"https:\/\/pppopoczno.pl\/#\/schema\/person\/be528a9b182354facc9629bb9c3d792f\",\"name\":\"admin\",\"image\":{\"@type\":\"ImageObject\",\"inLanguage\":\"pl-PL\",\"@id\":\"https:\/\/pppopoczno.pl\/#\/schema\/person\/image\/\",\"url\":\"https:\/\/secure.gravatar.com\/avatar\/417e349a5b751537e909d25725ed2ea5bccc94139a30d2fb92eccb24c091167d?s=96&d=mm&r=g\",\"contentUrl\":\"https:\/\/secure.gravatar.com\/avatar\/417e349a5b751537e909d25725ed2ea5bccc94139a30d2fb92eccb24c091167d?s=96&d=mm&r=g\",\"caption\":\"admin\"},\"sameAs\":[\"http:\/\/pppopoczno.pl\"],\"url\":\"https:\/\/pppopoczno.pl\/?author=1\"}]}<\/script>\n<!-- \/ Yoast SEO plugin. -->","yoast_head_json":{"title":"UWAGA ! - WA\u017bNA INFORMACJA - Poradnia Psychologiczno-Pedagogiczna w Opocznie z fili\u0105 w Drzewicy","robots":{"index":"index","follow":"follow","max-snippet":"max-snippet:-1","max-image-preview":"max-image-preview:large","max-video-preview":"max-video-preview:-1"},"canonical":"https:\/\/pppopoczno.pl\/?p=320","og_locale":"pl_PL","og_type":"article","og_title":"UWAGA ! - WA\u017bNA INFORMACJA - Poradnia Psychologiczno-Pedagogiczna w Opocznie z fili\u0105 w Drzewicy","og_description":"W zwi\u0105zku z zaplanowanym remontem lokalu Poradni Psychologiczno-Pedagogicznej w Opocznie Filia w Drzewicy przy ulicy Staszica 5 od 09.05.2023r. zmieniamy czasowo siedzib\u0119. Filia Poradni Psychologiczno-Pedagogicznej w Drzewicy b\u0119dzie mie\u015bci\u0107 si\u0119 w budynku Powiatowego Domu Pomocy Spo\u0142ecznej w Drzewicy (2 pi\u0119tro), przy ulicy Stawowej 21. W zwi\u0105zku z powy\u017cszym kontakt z sekretariatem wy\u0142\u0105cznie pod numerem telefonu [&hellip;]","og_url":"https:\/\/pppopoczno.pl\/?p=320","og_site_name":"Poradnia Psychologiczno-Pedagogiczna w Opocznie z fili\u0105 w Drzewicy","article_published_time":"2023-05-04T11:57:06+00:00","article_modified_time":"2023-05-08T06:10:18+00:00","author":"admin","twitter_card":"summary_large_image","twitter_misc":{"Napisane przez":"admin","Szacowany czas czytania":"1 minuta"},"schema":{"@context":"https:\/\/schema.org","@graph":[{"@type":"Article","@id":"https:\/\/pppopoczno.pl\/?p=320#article","isPartOf":{"@id":"https:\/\/pppopoczno.pl\/?p=320"},"author":{"name":"admin","@id":"https:\/\/pppopoczno.pl\/#\/schema\/person\/be528a9b182354facc9629bb9c3d792f"},"headline":"UWAGA ! &#8211; WA\u017bNA INFORMACJA","datePublished":"2023-05-04T11:57:06+00:00","dateModified":"2023-05-08T06:10:18+00:00","mainEntityOfPage":{"@id":"https:\/\/pppopoczno.pl\/?p=320"},"wordCount":76,"publisher":{"@id":"https:\/\/pppopoczno.pl\/#organization"},"articleSection":["G\u0141\u00d3WNA (aktualno\u015bci)"],"inLanguage":"pl-PL"},{"@type":"WebPage","@id":"https:\/\/pppopoczno.pl\/?p=320","url":"https:\/\/pppopoczno.pl\/?p=320","name":"UWAGA ! - WA\u017bNA INFORMACJA - Poradnia Psychologiczno-Pedagogiczna w Opocznie z fili\u0105 w Drzewicy","isPartOf":{"@id":"https:\/\/pppopoczno.pl\/#website"},"datePublished":"2023-05-04T11:57:06+00:00","dateModified":"2023-05-08T06:10:18+00:00","inLanguage":"pl-PL","potentialAction":[{"@type":"ReadAction","target":["https:\/\/pppopoczno.pl\/?p=320"]}]},{"@type":"WebSite","@id":"https:\/\/pppopoczno.pl\/#website","url":"https:\/\/pppopoczno.pl\/","name":"Poradnia Psychologiczno-Pedagogiczna w Opocznie z fili\u0105 w Drzewicy","description":"&quot;Cz\u0142owiek jest tyle wart, ile mo\u017ce da\u0107 drugiemu cz\u0142owiekowi&quot; \u2013 Jan Pawe\u0142 II","publisher":{"@id":"https:\/\/pppopoczno.pl\/#organization"},"potentialAction":[{"@type":"SearchAction","target":{"@type":"EntryPoint","urlTemplate":"https:\/\/pppopoczno.pl\/?s={search_term_string}"},"query-input":{"@type":"PropertyValueSpecification","valueRequired":true,"valueName":"search_term_string"}}],"inLanguage":"pl-PL"},{"@type":"Organization","@id":"https:\/\/pppopoczno.pl\/#organization","name":"Poradnia Psychologiczno-Pedagogiczna w Opocznie z fili\u0105 w Drzewicy","url":"https:\/\/pppopoczno.pl\/","logo":{"@type":"ImageObject","inLanguage":"pl-PL","@id":"https:\/\/pppopoczno.pl\/#\/schema\/logo\/image\/","url":"","contentUrl":"","caption":"Poradnia Psychologiczno-Pedagogiczna w Opocznie z fili\u0105 w Drzewicy"},"image":{"@id":"https:\/\/pppopoczno.pl\/#\/schema\/logo\/image\/"}},{"@type":"Person","@id":"https:\/\/pppopoczno.pl\/#\/schema\/person\/be528a9b182354facc9629bb9c3d792f","name":"admin","image":{"@type":"ImageObject","inLanguage":"pl-PL","@id":"https:\/\/pppopoczno.pl\/#\/schema\/person\/image\/","url":"https:\/\/secure.gravatar.com\/avatar\/417e349a5b751537e909d25725ed2ea5bccc94139a30d2fb92eccb24c091167d?s=96&d=mm&r=g","contentUrl":"https:\/\/secure.gravatar.com\/avatar\/417e349a5b751537e909d25725ed2ea5bccc94139a30d2fb92eccb24c091167d?s=96&d=mm&r=g","caption":"admin"},"sameAs":["http:\/\/pppopoczno.pl"],"url":"https:\/\/pppopoczno.pl\/?author=1"}]}},"_links":{"self":[{"href":"https:\/\/pppopoczno.pl\/index.php?rest_route=\/wp\/v2\/posts\/320","targetHints":{"allow":["GET"]}}],"collection":[{"href":"https:\/\/pppopoczno.pl\/index.php?rest_route=\/wp\/v2\/posts"}],"about":[{"href":"https:\/\/pppopoczno.pl\/index.php?rest_route=\/wp\/v2\/types\/post"}],"author":[{"embeddable":true,"href":"https:\/\/pppopoczno.pl\/index.php?rest_route=\/wp\/v2\/users\/1"}],"replies":[{"embeddable":true,"href":"https:\/\/pppopoczno.pl\/index.php?rest_route=%2Fwp%2Fv2%2Fcomments&post=320"}],"version-history":[{"count":3,"href":"https:\/\/pppopoczno.pl\/index.php?rest_route=\/wp\/v2\/posts\/320\/revisions"}],"predecessor-version":[{"id":323,"href":"https:\/\/pppopoczno.pl\/index.php?rest_route=\/wp\/v2\/posts\/320\/revisions\/323"}],"wp:attachment":[{"href":"https:\/\/pppopoczno.pl\/index.php?rest_route=%2Fwp%2Fv2%2Fmedia&parent=320"}],"wp:term":[{"taxonomy":"category","embeddable":true,"href":"https:\/\/pppopoczno.pl\/index.php?rest_route=%2Fwp%2Fv2%2Fcategories&post=320"},{"taxonomy":"post_tag","embeddable":true,"href":"https:\/\/pppopoczno.pl\/index.php?rest_route=%2Fwp%2Fv2%2Ftags&post=320"}],"curies":[{"name":"wp","href":"https:\/\/api.w.org\/{rel}","templated":true}]}}