{"id":300,"date":"2023-03-20T22:00:28","date_gmt":"2023-03-20T21:00:28","guid":{"rendered":"http:\/\/pppopoczno.pl\/?p=300"},"modified":"2023-03-21T13:46:35","modified_gmt":"2023-03-21T12:46:35","slug":"swiatowy-dzien-zespolu-downa-21-marca","status":"publish","type":"post","link":"https:\/\/pppopoczno.pl\/?p=300","title":{"rendered":"\u015awiatowy Dzie\u0144 Zespo\u0142u Downa (21 marca)"},"content":{"rendered":"<div class=\"default-style\">\n<div>W tym dniu wszyscy okazujemy nasz\u0105 solidarno\u015b\u0107 z osobami z trisomi\u0105 21. W\u0142\u0105czamy si\u0119 w akcje spo\u0142eczne pokazuj\u0105ce akceptacj\u0119 i zrozumienie. Dajemy osobom z zespo\u0142em Downa i ich bliskim czytelny znak naszego zainteresowania i aprobaty. Drobne gesty maj\u0105 znaczenie, mog\u0105 przys\u0142u\u017cy\u0107 si\u0119 niwelowaniu barier i przezwyci\u0119\u017caniu krzywdz\u0105cych stereotyp\u00f3w. Niech 21 marca b\u0119dzie \u015bwi\u0119tem radosnym, a \u017cycie os\u00f3b z zespo\u0142em Downa dobre, barwne i satysfakcjonuj\u0105ce, by nie brakowa\u0142o w nim powod\u00f3w do rado\u015bci.<\/div>\n<div><\/div>\n<div>(\u017ar\u00f3d\u0142o:<a href=\"http:\/\/www.pfron.org.pl\" target=\"_blank\" rel=\"noopener\">www.pfron.org.pl<\/a>)<\/div>\n<\/div>\n<div><\/div>\n<div class=\"default-style\"><strong>Strona \u015awiatowego Dnia Zespo\u0142u Downa<br \/>\n<\/strong><a class=\"external-link-new-window\" href=\"https:\/\/www.worlddownsyndromeday.org\" target=\"_blank\" rel=\"noopener\">www.worlddownsyndromeday.org<\/a><strong><br \/>\n<\/strong><\/div>\n","protected":false},"excerpt":{"rendered":"<p>W tym dniu wszyscy okazujemy nasz\u0105 solidarno\u015b\u0107 z osobami z trisomi\u0105 21. W\u0142\u0105czamy si\u0119 w akcje spo\u0142eczne pokazuj\u0105ce akceptacj\u0119 i zrozumienie. Dajemy osobom z zespo\u0142em Downa i ich bliskim czytelny znak naszego zainteresowania i aprobaty. Drobne gesty maj\u0105 znaczenie, mog\u0105 przys\u0142u\u017cy\u0107 si\u0119 niwelowaniu barier i przezwyci\u0119\u017caniu krzywdz\u0105cych stereotyp\u00f3w. Niech 21 marca b\u0119dzie \u015bwi\u0119tem radosnym, a [&hellip;]<\/p>\n","protected":false},"author":1,"featured_media":301,"comment_status":"closed","ping_status":"closed","sticky":false,"template":"","format":"standard","meta":{"footnotes":""},"categories":[4],"tags":[],"class_list":["post-300","post","type-post","status-publish","format-standard","has-post-thumbnail","hentry","category-glowna-aktualnosci"],"yoast_head":"<!-- This site is optimized with the Yoast SEO plugin v26.0 - https:\/\/yoast.com\/wordpress\/plugins\/seo\/ -->\n<title>\u015awiatowy Dzie\u0144 Zespo\u0142u Downa (21 marca) - Poradnia Psychologiczno-Pedagogiczna w Opocznie z fili\u0105 w Drzewicy<\/title>\n<meta name=\"robots\" content=\"index, follow, max-snippet:-1, max-image-preview:large, max-video-preview:-1\" \/>\n<link rel=\"canonical\" href=\"https:\/\/pppopoczno.pl\/?p=300\" \/>\n<meta property=\"og:locale\" content=\"pl_PL\" \/>\n<meta property=\"og:type\" content=\"article\" \/>\n<meta property=\"og:title\" content=\"\u015awiatowy Dzie\u0144 Zespo\u0142u Downa (21 marca) - Poradnia Psychologiczno-Pedagogiczna w Opocznie z fili\u0105 w Drzewicy\" \/>\n<meta property=\"og:description\" content=\"W tym dniu wszyscy okazujemy nasz\u0105 solidarno\u015b\u0107 z osobami z trisomi\u0105 21. W\u0142\u0105czamy si\u0119 w akcje spo\u0142eczne pokazuj\u0105ce akceptacj\u0119 i zrozumienie. Dajemy osobom z zespo\u0142em Downa i ich bliskim czytelny znak naszego zainteresowania i aprobaty. Drobne gesty maj\u0105 znaczenie, mog\u0105 przys\u0142u\u017cy\u0107 si\u0119 niwelowaniu barier i przezwyci\u0119\u017caniu krzywdz\u0105cych stereotyp\u00f3w. Niech 21 marca b\u0119dzie \u015bwi\u0119tem radosnym, a [&hellip;]\" \/>\n<meta property=\"og:url\" content=\"https:\/\/pppopoczno.pl\/?p=300\" \/>\n<meta property=\"og:site_name\" content=\"Poradnia Psychologiczno-Pedagogiczna w Opocznie z fili\u0105 w Drzewicy\" \/>\n<meta property=\"article:published_time\" content=\"2023-03-20T21:00:28+00:00\" \/>\n<meta property=\"article:modified_time\" content=\"2023-03-21T12:46:35+00:00\" \/>\n<meta property=\"og:image\" content=\"https:\/\/pppopoczno.pl\/wp-content\/uploads\/2023\/03\/down.png\" \/>\n\t<meta property=\"og:image:width\" content=\"1024\" \/>\n\t<meta property=\"og:image:height\" content=\"648\" \/>\n\t<meta property=\"og:image:type\" content=\"image\/png\" \/>\n<meta name=\"author\" content=\"admin\" \/>\n<meta name=\"twitter:card\" content=\"summary_large_image\" \/>\n<meta name=\"twitter:label1\" content=\"Napisane przez\" \/>\n\t<meta name=\"twitter:data1\" content=\"admin\" \/>\n\t<meta name=\"twitter:label2\" content=\"Szacowany czas czytania\" \/>\n\t<meta name=\"twitter:data2\" content=\"1 minuta\" \/>\n<script type=\"application\/ld+json\" class=\"yoast-schema-graph\">{\"@context\":\"https:\/\/schema.org\",\"@graph\":[{\"@type\":\"Article\",\"@id\":\"https:\/\/pppopoczno.pl\/?p=300#article\",\"isPartOf\":{\"@id\":\"https:\/\/pppopoczno.pl\/?p=300\"},\"author\":{\"name\":\"admin\",\"@id\":\"https:\/\/pppopoczno.pl\/#\/schema\/person\/be528a9b182354facc9629bb9c3d792f\"},\"headline\":\"\u015awiatowy Dzie\u0144 Zespo\u0142u Downa (21 marca)\",\"datePublished\":\"2023-03-20T21:00:28+00:00\",\"dateModified\":\"2023-03-21T12:46:35+00:00\",\"mainEntityOfPage\":{\"@id\":\"https:\/\/pppopoczno.pl\/?p=300\"},\"wordCount\":109,\"publisher\":{\"@id\":\"https:\/\/pppopoczno.pl\/#organization\"},\"image\":{\"@id\":\"https:\/\/pppopoczno.pl\/?p=300#primaryimage\"},\"thumbnailUrl\":\"https:\/\/pppopoczno.pl\/wp-content\/uploads\/2023\/03\/down.png\",\"articleSection\":[\"G\u0141\u00d3WNA (aktualno\u015bci)\"],\"inLanguage\":\"pl-PL\"},{\"@type\":\"WebPage\",\"@id\":\"https:\/\/pppopoczno.pl\/?p=300\",\"url\":\"https:\/\/pppopoczno.pl\/?p=300\",\"name\":\"\u015awiatowy Dzie\u0144 Zespo\u0142u Downa (21 marca) - Poradnia Psychologiczno-Pedagogiczna w Opocznie z fili\u0105 w Drzewicy\",\"isPartOf\":{\"@id\":\"https:\/\/pppopoczno.pl\/#website\"},\"primaryImageOfPage\":{\"@id\":\"https:\/\/pppopoczno.pl\/?p=300#primaryimage\"},\"image\":{\"@id\":\"https:\/\/pppopoczno.pl\/?p=300#primaryimage\"},\"thumbnailUrl\":\"https:\/\/pppopoczno.pl\/wp-content\/uploads\/2023\/03\/down.png\",\"datePublished\":\"2023-03-20T21:00:28+00:00\",\"dateModified\":\"2023-03-21T12:46:35+00:00\",\"inLanguage\":\"pl-PL\",\"potentialAction\":[{\"@type\":\"ReadAction\",\"target\":[\"https:\/\/pppopoczno.pl\/?p=300\"]}]},{\"@type\":\"ImageObject\",\"inLanguage\":\"pl-PL\",\"@id\":\"https:\/\/pppopoczno.pl\/?p=300#primaryimage\",\"url\":\"https:\/\/pppopoczno.pl\/wp-content\/uploads\/2023\/03\/down.png\",\"contentUrl\":\"https:\/\/pppopoczno.pl\/wp-content\/uploads\/2023\/03\/down.png\",\"width\":1024,\"height\":648},{\"@type\":\"WebSite\",\"@id\":\"https:\/\/pppopoczno.pl\/#website\",\"url\":\"https:\/\/pppopoczno.pl\/\",\"name\":\"Poradnia Psychologiczno-Pedagogiczna w Opocznie z fili\u0105 w Drzewicy\",\"description\":\"&quot;Cz\u0142owiek jest tyle wart, ile mo\u017ce da\u0107 drugiemu cz\u0142owiekowi&quot; \u2013 Jan Pawe\u0142 II\",\"publisher\":{\"@id\":\"https:\/\/pppopoczno.pl\/#organization\"},\"potentialAction\":[{\"@type\":\"SearchAction\",\"target\":{\"@type\":\"EntryPoint\",\"urlTemplate\":\"https:\/\/pppopoczno.pl\/?s={search_term_string}\"},\"query-input\":{\"@type\":\"PropertyValueSpecification\",\"valueRequired\":true,\"valueName\":\"search_term_string\"}}],\"inLanguage\":\"pl-PL\"},{\"@type\":\"Organization\",\"@id\":\"https:\/\/pppopoczno.pl\/#organization\",\"name\":\"Poradnia Psychologiczno-Pedagogiczna w Opocznie z fili\u0105 w Drzewicy\",\"url\":\"https:\/\/pppopoczno.pl\/\",\"logo\":{\"@type\":\"ImageObject\",\"inLanguage\":\"pl-PL\",\"@id\":\"https:\/\/pppopoczno.pl\/#\/schema\/logo\/image\/\",\"url\":\"\",\"contentUrl\":\"\",\"caption\":\"Poradnia Psychologiczno-Pedagogiczna w Opocznie z fili\u0105 w Drzewicy\"},\"image\":{\"@id\":\"https:\/\/pppopoczno.pl\/#\/schema\/logo\/image\/\"}},{\"@type\":\"Person\",\"@id\":\"https:\/\/pppopoczno.pl\/#\/schema\/person\/be528a9b182354facc9629bb9c3d792f\",\"name\":\"admin\",\"image\":{\"@type\":\"ImageObject\",\"inLanguage\":\"pl-PL\",\"@id\":\"https:\/\/pppopoczno.pl\/#\/schema\/person\/image\/\",\"url\":\"https:\/\/secure.gravatar.com\/avatar\/417e349a5b751537e909d25725ed2ea5bccc94139a30d2fb92eccb24c091167d?s=96&d=mm&r=g\",\"contentUrl\":\"https:\/\/secure.gravatar.com\/avatar\/417e349a5b751537e909d25725ed2ea5bccc94139a30d2fb92eccb24c091167d?s=96&d=mm&r=g\",\"caption\":\"admin\"},\"sameAs\":[\"http:\/\/pppopoczno.pl\"],\"url\":\"https:\/\/pppopoczno.pl\/?author=1\"}]}<\/script>\n<!-- \/ Yoast SEO plugin. -->","yoast_head_json":{"title":"\u015awiatowy Dzie\u0144 Zespo\u0142u Downa (21 marca) - Poradnia Psychologiczno-Pedagogiczna w Opocznie z fili\u0105 w Drzewicy","robots":{"index":"index","follow":"follow","max-snippet":"max-snippet:-1","max-image-preview":"max-image-preview:large","max-video-preview":"max-video-preview:-1"},"canonical":"https:\/\/pppopoczno.pl\/?p=300","og_locale":"pl_PL","og_type":"article","og_title":"\u015awiatowy Dzie\u0144 Zespo\u0142u Downa (21 marca) - Poradnia Psychologiczno-Pedagogiczna w Opocznie z fili\u0105 w Drzewicy","og_description":"W tym dniu wszyscy okazujemy nasz\u0105 solidarno\u015b\u0107 z osobami z trisomi\u0105 21. W\u0142\u0105czamy si\u0119 w akcje spo\u0142eczne pokazuj\u0105ce akceptacj\u0119 i zrozumienie. Dajemy osobom z zespo\u0142em Downa i ich bliskim czytelny znak naszego zainteresowania i aprobaty. Drobne gesty maj\u0105 znaczenie, mog\u0105 przys\u0142u\u017cy\u0107 si\u0119 niwelowaniu barier i przezwyci\u0119\u017caniu krzywdz\u0105cych stereotyp\u00f3w. Niech 21 marca b\u0119dzie \u015bwi\u0119tem radosnym, a [&hellip;]","og_url":"https:\/\/pppopoczno.pl\/?p=300","og_site_name":"Poradnia Psychologiczno-Pedagogiczna w Opocznie z fili\u0105 w Drzewicy","article_published_time":"2023-03-20T21:00:28+00:00","article_modified_time":"2023-03-21T12:46:35+00:00","og_image":[{"width":1024,"height":648,"url":"https:\/\/pppopoczno.pl\/wp-content\/uploads\/2023\/03\/down.png","type":"image\/png"}],"author":"admin","twitter_card":"summary_large_image","twitter_misc":{"Napisane przez":"admin","Szacowany czas czytania":"1 minuta"},"schema":{"@context":"https:\/\/schema.org","@graph":[{"@type":"Article","@id":"https:\/\/pppopoczno.pl\/?p=300#article","isPartOf":{"@id":"https:\/\/pppopoczno.pl\/?p=300"},"author":{"name":"admin","@id":"https:\/\/pppopoczno.pl\/#\/schema\/person\/be528a9b182354facc9629bb9c3d792f"},"headline":"\u015awiatowy Dzie\u0144 Zespo\u0142u Downa (21 marca)","datePublished":"2023-03-20T21:00:28+00:00","dateModified":"2023-03-21T12:46:35+00:00","mainEntityOfPage":{"@id":"https:\/\/pppopoczno.pl\/?p=300"},"wordCount":109,"publisher":{"@id":"https:\/\/pppopoczno.pl\/#organization"},"image":{"@id":"https:\/\/pppopoczno.pl\/?p=300#primaryimage"},"thumbnailUrl":"https:\/\/pppopoczno.pl\/wp-content\/uploads\/2023\/03\/down.png","articleSection":["G\u0141\u00d3WNA (aktualno\u015bci)"],"inLanguage":"pl-PL"},{"@type":"WebPage","@id":"https:\/\/pppopoczno.pl\/?p=300","url":"https:\/\/pppopoczno.pl\/?p=300","name":"\u015awiatowy Dzie\u0144 Zespo\u0142u Downa (21 marca) - Poradnia Psychologiczno-Pedagogiczna w Opocznie z fili\u0105 w Drzewicy","isPartOf":{"@id":"https:\/\/pppopoczno.pl\/#website"},"primaryImageOfPage":{"@id":"https:\/\/pppopoczno.pl\/?p=300#primaryimage"},"image":{"@id":"https:\/\/pppopoczno.pl\/?p=300#primaryimage"},"thumbnailUrl":"https:\/\/pppopoczno.pl\/wp-content\/uploads\/2023\/03\/down.png","datePublished":"2023-03-20T21:00:28+00:00","dateModified":"2023-03-21T12:46:35+00:00","inLanguage":"pl-PL","potentialAction":[{"@type":"ReadAction","target":["https:\/\/pppopoczno.pl\/?p=300"]}]},{"@type":"ImageObject","inLanguage":"pl-PL","@id":"https:\/\/pppopoczno.pl\/?p=300#primaryimage","url":"https:\/\/pppopoczno.pl\/wp-content\/uploads\/2023\/03\/down.png","contentUrl":"https:\/\/pppopoczno.pl\/wp-content\/uploads\/2023\/03\/down.png","width":1024,"height":648},{"@type":"WebSite","@id":"https:\/\/pppopoczno.pl\/#website","url":"https:\/\/pppopoczno.pl\/","name":"Poradnia Psychologiczno-Pedagogiczna w Opocznie z fili\u0105 w Drzewicy","description":"&quot;Cz\u0142owiek jest tyle wart, ile mo\u017ce da\u0107 drugiemu cz\u0142owiekowi&quot; \u2013 Jan Pawe\u0142 II","publisher":{"@id":"https:\/\/pppopoczno.pl\/#organization"},"potentialAction":[{"@type":"SearchAction","target":{"@type":"EntryPoint","urlTemplate":"https:\/\/pppopoczno.pl\/?s={search_term_string}"},"query-input":{"@type":"PropertyValueSpecification","valueRequired":true,"valueName":"search_term_string"}}],"inLanguage":"pl-PL"},{"@type":"Organization","@id":"https:\/\/pppopoczno.pl\/#organization","name":"Poradnia Psychologiczno-Pedagogiczna w Opocznie z fili\u0105 w Drzewicy","url":"https:\/\/pppopoczno.pl\/","logo":{"@type":"ImageObject","inLanguage":"pl-PL","@id":"https:\/\/pppopoczno.pl\/#\/schema\/logo\/image\/","url":"","contentUrl":"","caption":"Poradnia Psychologiczno-Pedagogiczna w Opocznie z fili\u0105 w Drzewicy"},"image":{"@id":"https:\/\/pppopoczno.pl\/#\/schema\/logo\/image\/"}},{"@type":"Person","@id":"https:\/\/pppopoczno.pl\/#\/schema\/person\/be528a9b182354facc9629bb9c3d792f","name":"admin","image":{"@type":"ImageObject","inLanguage":"pl-PL","@id":"https:\/\/pppopoczno.pl\/#\/schema\/person\/image\/","url":"https:\/\/secure.gravatar.com\/avatar\/417e349a5b751537e909d25725ed2ea5bccc94139a30d2fb92eccb24c091167d?s=96&d=mm&r=g","contentUrl":"https:\/\/secure.gravatar.com\/avatar\/417e349a5b751537e909d25725ed2ea5bccc94139a30d2fb92eccb24c091167d?s=96&d=mm&r=g","caption":"admin"},"sameAs":["http:\/\/pppopoczno.pl"],"url":"https:\/\/pppopoczno.pl\/?author=1"}]}},"_links":{"self":[{"href":"https:\/\/pppopoczno.pl\/index.php?rest_route=\/wp\/v2\/posts\/300","targetHints":{"allow":["GET"]}}],"collection":[{"href":"https:\/\/pppopoczno.pl\/index.php?rest_route=\/wp\/v2\/posts"}],"about":[{"href":"https:\/\/pppopoczno.pl\/index.php?rest_route=\/wp\/v2\/types\/post"}],"author":[{"embeddable":true,"href":"https:\/\/pppopoczno.pl\/index.php?rest_route=\/wp\/v2\/users\/1"}],"replies":[{"embeddable":true,"href":"https:\/\/pppopoczno.pl\/index.php?rest_route=%2Fwp%2Fv2%2Fcomments&post=300"}],"version-history":[{"count":1,"href":"https:\/\/pppopoczno.pl\/index.php?rest_route=\/wp\/v2\/posts\/300\/revisions"}],"predecessor-version":[{"id":302,"href":"https:\/\/pppopoczno.pl\/index.php?rest_route=\/wp\/v2\/posts\/300\/revisions\/302"}],"wp:featuredmedia":[{"embeddable":true,"href":"https:\/\/pppopoczno.pl\/index.php?rest_route=\/wp\/v2\/media\/301"}],"wp:attachment":[{"href":"https:\/\/pppopoczno.pl\/index.php?rest_route=%2Fwp%2Fv2%2Fmedia&parent=300"}],"wp:term":[{"taxonomy":"category","embeddable":true,"href":"https:\/\/pppopoczno.pl\/index.php?rest_route=%2Fwp%2Fv2%2Fcategories&post=300"},{"taxonomy":"post_tag","embeddable":true,"href":"https:\/\/pppopoczno.pl\/index.php?rest_route=%2Fwp%2Fv2%2Ftags&post=300"}],"curies":[{"name":"wp","href":"https:\/\/api.w.org\/{rel}","templated":true}]}}