{"id":293,"date":"2023-03-20T20:17:31","date_gmt":"2023-03-20T19:17:31","guid":{"rendered":"http:\/\/pppopoczno.pl\/?p=293"},"modified":"2023-03-21T13:45:58","modified_gmt":"2023-03-21T12:45:58","slug":"forum-specjalistow-opoczno-2023","status":"publish","type":"post","link":"https:\/\/pppopoczno.pl\/?p=293","title":{"rendered":"FORUM SPECJALIST\u00d3W OPOCZNO 2023"},"content":{"rendered":"<p>Forum Specjalist\u00f3w dotycz\u0105ce \u201eZabezpieczenia psychologicznego i psychoterapeutycznego dzieci i m\u0142odzie\u017cy oraz rodzic\u00f3w i opiekun\u00f3w na terenie Powiatu Opoczy\u0144skiego\u201d odby\u0142o si\u0119 13 marca 2023r. w sali konferencyjnej Starostwa Powiatowego w Opocznie.<\/p>\n<p>Tematyka forum obejmowa\u0142a wzrost problem\u00f3w i chor\u00f3b o pod\u0142o\u017cu psychicznym, do kt\u00f3rych niew\u0105tpliwie w ostatnich latach przyczyni\u0142a si\u0119 epidemia Covid-19, l\u0119k o zdrowie i \u017cycie swoje i najbli\u017cszych, izolacja, samotno\u015b\u0107 i w konsekwencji rozlu\u017anienia wi\u0119zi spo\u0142ecznych, a tak\u017ce wybuch wojny w Ukrainie, pot\u0119guj\u0105cy uczucie stresu i niepewno\u015bci oraz obaw o przysz\u0142o\u015b\u0107.<!--more--><\/p>\n<p>Jako pierwsza z grona prelegent\u00f3w g\u0142os zabra\u0142a Ma\u0142gorzata Nasulewicz Kierownik Poradni Psychologiczno- Pedagogicznej filii w Drzewicy.<\/p>\n<p>Wyja\u015bni\u0142a na czym polega pomoc psychologiczno-pedagogiczna, komu jest udzielana oraz z czyjej inicjatywy. Na podstawie danych statystycznych obejmuj\u0105cych dzia\u0142ania naszej poradni w Powiecie Opoczy\u0144skim obserwuje si\u0119 zwi\u0119kszone zainteresowanie:<\/p>\n<p>&#8211; badaniami psychologicznymi,<\/p>\n<p>&#8211; rozmowami i konsultacjami psychologicznymi,<\/p>\n<p>&#8211; treningiem umiej\u0119tno\u015bci spo\u0142ecznych,<\/p>\n<p>&#8211; zaj\u0119ciami warsztatowymi dla uczni\u00f3w i rodzic\u00f3w.<\/p>\n<p>Forum obfitowa\u0142o w wiele ciekawych i kluczowych dyskusji dotycz\u0105cych zdrowia psychicznego dzieci i m\u0142odzie\u017cy.<\/p>\n<p>Micha\u0142 Moryc z M\u0142odzie\u017cowej Rady Powiatu Opoczy\u0144skiego zaprezentowa\u0142 wyniki przeprowadzonego w\u015br\u00f3d m\u0142odzie\u017cy badania ankietowego na temat \u201eZdrowia psychicznego\u201d za 2022 i 2023 rok.<\/p>\n<p>G\u0142os zabra\u0142 r\u00f3wnie\u017c Bart\u0142omiej Ostr\u0119ga. Zapozna\u0142 wszystkich z zadaniami nowo otwartego O\u015brodka \u015arodowiskowej Opieki Psychologicznej i Psychoterapeutycznej dla Dzieci i M\u0142odzie\u017cy I Poziom Referencyjny w Powiecie Opoczy\u0144skim oraz z reform\u0105 ochrony zdrowia psychicznego dzieci i m\u0142odzie\u017cy.<\/p>\n<p>Po zako\u0144czeniu konferencji odby\u0142y si\u0119 jeszcze certyfikuj\u0105ce warsztaty dotycz\u0105ce tematyki: \u201eDepresja dzieci i m\u0142odzie\u017cy jako problem rozwojowy, opieku\u0144czy i medyczny\u201d, w kt\u00f3rych wszyscy pracownicy merytoryczni PPP w Opocznie z fili\u0105 w Drzewicy wzi\u0119li udzia\u0142.<\/p>\n<figure id=\"attachment_294\" aria-describedby=\"caption-attachment-294\" style=\"width: 710px\" class=\"wp-caption aligncenter\"><img fetchpriority=\"high\" decoding=\"async\" class=\"wp-image-294 size-large\" src=\"https:\/\/pppopoczno.pl\/wp-content\/uploads\/2023\/03\/ppp_forum_2023-1024x1024.jpg\" alt=\"Opis zdj\u0119cia: Punkt konsultacyjny Poradni Psychologiczno-Pedagogicznej w Opocznie               z fili\u0105 w Drzewicy na Forum Specjalist\u00f3w dotycz\u0105cym zabezpieczenia psychologicznego              i psychoterapeutycznego dzieci i m\u0142odzie\u017cy oraz rodzic\u00f3w i opiekun\u00f3w na terenie Powiatu Opoczy\u0144skiego. Na zdj\u0119ciu (od lewej): Monika Madej \u2013psycholog, Aleksandra Kopytowska-logopeda, Dagmara Staniszewska-Telus pedagog, Kaja Kurkowska-Pacan-psycholog. (\u017ar\u00f3d\u0142o: PPP w Opocznie).\" width=\"710\" height=\"710\" srcset=\"https:\/\/pppopoczno.pl\/wp-content\/uploads\/2023\/03\/ppp_forum_2023-1024x1024.jpg 1024w, https:\/\/pppopoczno.pl\/wp-content\/uploads\/2023\/03\/ppp_forum_2023-300x300.jpg 300w, https:\/\/pppopoczno.pl\/wp-content\/uploads\/2023\/03\/ppp_forum_2023-150x150.jpg 150w, https:\/\/pppopoczno.pl\/wp-content\/uploads\/2023\/03\/ppp_forum_2023-768x768.jpg 768w, https:\/\/pppopoczno.pl\/wp-content\/uploads\/2023\/03\/ppp_forum_2023-1536x1536.jpg 1536w, https:\/\/pppopoczno.pl\/wp-content\/uploads\/2023\/03\/ppp_forum_2023.jpg 2048w\" sizes=\"(max-width: 710px) 100vw, 710px\" \/><figcaption id=\"caption-attachment-294\" class=\"wp-caption-text\"><strong>Opis zdj\u0119cia:<\/strong> Punkt konsultacyjny Poradni Psychologiczno-Pedagogicznej w Opocznie z fili\u0105 w Drzewicy na Forum Specjalist\u00f3w dotycz\u0105cym zabezpieczenia psychologicznego i psychoterapeutycznego dzieci i m\u0142odzie\u017cy oraz rodzic\u00f3w i opiekun\u00f3w na terenie Powiatu Opoczy\u0144skiego. Na zdj\u0119ciu (od lewej): Monika Madej \u2013psycholog, Aleksandra Kopytowska-logopeda, Dagmara Staniszewska-Telus pedagog, Kaja Kurkowska-Pacan-psycholog. (\u017ar\u00f3d\u0142o: PPP w Opocznie).<\/figcaption><\/figure>\n<p>&nbsp;<\/p>\n<figure id=\"attachment_295\" aria-describedby=\"caption-attachment-295\" style=\"width: 710px\" class=\"wp-caption aligncenter\"><img decoding=\"async\" class=\"wp-image-295\" src=\"https:\/\/pppopoczno.pl\/wp-content\/uploads\/2023\/03\/ppp_forum_2023a.jpg\" alt=\"Opis zdj\u0119cia: Uczestnicy Forum Specjalist\u00f3w dotycz\u0105cym zabezpieczenia psychologicznego i psychoterapeutycznego dzieci i m\u0142odzie\u017cy oraz rodzic\u00f3w i opiekun\u00f3w na terenie Powiatu Opoczy\u0144skiego. Na zdj\u0119ciu (od lewej): Dyrektor PCPR w Opocznie Katarzyna Szymczyk, dr Danuta Kossak, specjalista psychoterapii dzieci i m\u0142odzie\u017cy Katarzyna \u015ami\u0142owska, dyrektor Bart\u0142omiej Ostr\u0119ga, dyrektor PPP w Opocznie z fili\u0105                w Drzewicy (psycholog) Anna Reszka. (\u017ar\u00f3d\u0142o: strona internetowa Powiatu Opoczy\u0144skiego \u2013 www.opocznopowiat.pl).\" width=\"710\" height=\"451\" srcset=\"https:\/\/pppopoczno.pl\/wp-content\/uploads\/2023\/03\/ppp_forum_2023a.jpg 960w, https:\/\/pppopoczno.pl\/wp-content\/uploads\/2023\/03\/ppp_forum_2023a-300x191.jpg 300w, https:\/\/pppopoczno.pl\/wp-content\/uploads\/2023\/03\/ppp_forum_2023a-768x488.jpg 768w\" sizes=\"(max-width: 710px) 100vw, 710px\" \/><figcaption id=\"caption-attachment-295\" class=\"wp-caption-text\"><strong>Opis zdj\u0119cia:<\/strong> Uczestnicy Forum Specjalist\u00f3w dotycz\u0105cym zabezpieczenia psychologicznego i psychoterapeutycznego dzieci i m\u0142odzie\u017cy oraz rodzic\u00f3w i opiekun\u00f3w na terenie Powiatu Opoczy\u0144skiego. Na zdj\u0119ciu (od lewej): Dyrektor PCPR w Opocznie Katarzyna Szymczyk, dr Danuta Kossak, specjalista psychoterapii dzieci i m\u0142odzie\u017cy Katarzyna \u015ami\u0142owska, dyrektor Bart\u0142omiej Ostr\u0119ga, dyrektor PPP w Opocznie z fili\u0105 w Drzewicy (psycholog) Anna Reszka. (\u017ar\u00f3d\u0142o: strona internetowa Powiatu Opoczy\u0144skiego \u2013 www.opocznopowiat.pl).<\/figcaption><\/figure>\n","protected":false},"excerpt":{"rendered":"<p>Forum Specjalist\u00f3w dotycz\u0105ce \u201eZabezpieczenia psychologicznego i psychoterapeutycznego dzieci i m\u0142odzie\u017cy oraz rodzic\u00f3w i opiekun\u00f3w na terenie Powiatu Opoczy\u0144skiego\u201d odby\u0142o si\u0119 13 marca 2023r. w sali konferencyjnej Starostwa Powiatowego w Opocznie. Tematyka forum obejmowa\u0142a wzrost problem\u00f3w i chor\u00f3b o pod\u0142o\u017cu psychicznym, do kt\u00f3rych niew\u0105tpliwie w ostatnich latach przyczyni\u0142a si\u0119 epidemia Covid-19, l\u0119k o zdrowie i \u017cycie [&hellip;]<\/p>\n","protected":false},"author":1,"featured_media":0,"comment_status":"closed","ping_status":"closed","sticky":false,"template":"","format":"standard","meta":{"footnotes":""},"categories":[4],"tags":[],"class_list":["post-293","post","type-post","status-publish","format-standard","hentry","category-glowna-aktualnosci"],"yoast_head":"<!-- This site is optimized with the Yoast SEO plugin v26.0 - https:\/\/yoast.com\/wordpress\/plugins\/seo\/ -->\n<title>FORUM SPECJALIST\u00d3W OPOCZNO 2023 - Poradnia Psychologiczno-Pedagogiczna w Opocznie z fili\u0105 w Drzewicy<\/title>\n<meta name=\"robots\" content=\"index, follow, max-snippet:-1, max-image-preview:large, max-video-preview:-1\" \/>\n<link rel=\"canonical\" href=\"https:\/\/pppopoczno.pl\/?p=293\" \/>\n<meta property=\"og:locale\" content=\"pl_PL\" \/>\n<meta property=\"og:type\" content=\"article\" \/>\n<meta property=\"og:title\" content=\"FORUM SPECJALIST\u00d3W OPOCZNO 2023 - Poradnia Psychologiczno-Pedagogiczna w Opocznie z fili\u0105 w Drzewicy\" \/>\n<meta property=\"og:description\" content=\"Forum Specjalist\u00f3w dotycz\u0105ce \u201eZabezpieczenia psychologicznego i psychoterapeutycznego dzieci i m\u0142odzie\u017cy oraz rodzic\u00f3w i opiekun\u00f3w na terenie Powiatu Opoczy\u0144skiego\u201d odby\u0142o si\u0119 13 marca 2023r. w sali konferencyjnej Starostwa Powiatowego w Opocznie. Tematyka forum obejmowa\u0142a wzrost problem\u00f3w i chor\u00f3b o pod\u0142o\u017cu psychicznym, do kt\u00f3rych niew\u0105tpliwie w ostatnich latach przyczyni\u0142a si\u0119 epidemia Covid-19, l\u0119k o zdrowie i \u017cycie [&hellip;]\" \/>\n<meta property=\"og:url\" content=\"https:\/\/pppopoczno.pl\/?p=293\" \/>\n<meta property=\"og:site_name\" content=\"Poradnia Psychologiczno-Pedagogiczna w Opocznie z fili\u0105 w Drzewicy\" \/>\n<meta property=\"article:published_time\" content=\"2023-03-20T19:17:31+00:00\" \/>\n<meta property=\"article:modified_time\" content=\"2023-03-21T12:45:58+00:00\" \/>\n<meta property=\"og:image\" content=\"http:\/\/pppopoczno.pl\/wp-content\/uploads\/2023\/03\/ppp_forum_2023-1024x1024.jpg\" \/>\n<meta name=\"author\" content=\"admin\" \/>\n<meta name=\"twitter:card\" content=\"summary_large_image\" \/>\n<meta name=\"twitter:label1\" content=\"Napisane przez\" \/>\n\t<meta name=\"twitter:data1\" content=\"admin\" \/>\n\t<meta name=\"twitter:label2\" content=\"Szacowany czas czytania\" \/>\n\t<meta name=\"twitter:data2\" content=\"3 minuty\" \/>\n<script type=\"application\/ld+json\" class=\"yoast-schema-graph\">{\"@context\":\"https:\/\/schema.org\",\"@graph\":[{\"@type\":\"Article\",\"@id\":\"https:\/\/pppopoczno.pl\/?p=293#article\",\"isPartOf\":{\"@id\":\"https:\/\/pppopoczno.pl\/?p=293\"},\"author\":{\"name\":\"admin\",\"@id\":\"https:\/\/pppopoczno.pl\/#\/schema\/person\/be528a9b182354facc9629bb9c3d792f\"},\"headline\":\"FORUM SPECJALIST\u00d3W OPOCZNO 2023\",\"datePublished\":\"2023-03-20T19:17:31+00:00\",\"dateModified\":\"2023-03-21T12:45:58+00:00\",\"mainEntityOfPage\":{\"@id\":\"https:\/\/pppopoczno.pl\/?p=293\"},\"wordCount\":479,\"publisher\":{\"@id\":\"https:\/\/pppopoczno.pl\/#organization\"},\"image\":{\"@id\":\"https:\/\/pppopoczno.pl\/?p=293#primaryimage\"},\"thumbnailUrl\":\"http:\/\/pppopoczno.pl\/wp-content\/uploads\/2023\/03\/ppp_forum_2023-1024x1024.jpg\",\"articleSection\":[\"G\u0141\u00d3WNA (aktualno\u015bci)\"],\"inLanguage\":\"pl-PL\"},{\"@type\":\"WebPage\",\"@id\":\"https:\/\/pppopoczno.pl\/?p=293\",\"url\":\"https:\/\/pppopoczno.pl\/?p=293\",\"name\":\"FORUM SPECJALIST\u00d3W OPOCZNO 2023 - Poradnia Psychologiczno-Pedagogiczna w Opocznie z fili\u0105 w Drzewicy\",\"isPartOf\":{\"@id\":\"https:\/\/pppopoczno.pl\/#website\"},\"primaryImageOfPage\":{\"@id\":\"https:\/\/pppopoczno.pl\/?p=293#primaryimage\"},\"image\":{\"@id\":\"https:\/\/pppopoczno.pl\/?p=293#primaryimage\"},\"thumbnailUrl\":\"http:\/\/pppopoczno.pl\/wp-content\/uploads\/2023\/03\/ppp_forum_2023-1024x1024.jpg\",\"datePublished\":\"2023-03-20T19:17:31+00:00\",\"dateModified\":\"2023-03-21T12:45:58+00:00\",\"inLanguage\":\"pl-PL\",\"potentialAction\":[{\"@type\":\"ReadAction\",\"target\":[\"https:\/\/pppopoczno.pl\/?p=293\"]}]},{\"@type\":\"ImageObject\",\"inLanguage\":\"pl-PL\",\"@id\":\"https:\/\/pppopoczno.pl\/?p=293#primaryimage\",\"url\":\"https:\/\/pppopoczno.pl\/wp-content\/uploads\/2023\/03\/ppp_forum_2023.jpg\",\"contentUrl\":\"https:\/\/pppopoczno.pl\/wp-content\/uploads\/2023\/03\/ppp_forum_2023.jpg\",\"width\":2048,\"height\":2048,\"caption\":\"Opis zdj\u0119cia: Punkt konsultacyjny Poradni Psychologiczno-Pedagogicznej w Opocznie z fili\u0105 w Drzewicy na Forum Specjalist\u00f3w dotycz\u0105cym zabezpieczenia psychologicznego i psychoterapeutycznego dzieci i m\u0142odzie\u017cy oraz rodzic\u00f3w i opiekun\u00f3w na terenie Powiatu Opoczy\u0144skiego. Na zdj\u0119ciu (od lewej): Monika Madej \u2013psycholog, Aleksandra Kopytowska-logopeda, Dagmara Staniszewska-Telus pedagog, Kaja Kurkowska-Pacan-psycholog. (\u017ar\u00f3d\u0142o: PPP w Opocznie).\"},{\"@type\":\"WebSite\",\"@id\":\"https:\/\/pppopoczno.pl\/#website\",\"url\":\"https:\/\/pppopoczno.pl\/\",\"name\":\"Poradnia Psychologiczno-Pedagogiczna w Opocznie z fili\u0105 w Drzewicy\",\"description\":\"&quot;Cz\u0142owiek jest tyle wart, ile mo\u017ce da\u0107 drugiemu cz\u0142owiekowi&quot; \u2013 Jan Pawe\u0142 II\",\"publisher\":{\"@id\":\"https:\/\/pppopoczno.pl\/#organization\"},\"potentialAction\":[{\"@type\":\"SearchAction\",\"target\":{\"@type\":\"EntryPoint\",\"urlTemplate\":\"https:\/\/pppopoczno.pl\/?s={search_term_string}\"},\"query-input\":{\"@type\":\"PropertyValueSpecification\",\"valueRequired\":true,\"valueName\":\"search_term_string\"}}],\"inLanguage\":\"pl-PL\"},{\"@type\":\"Organization\",\"@id\":\"https:\/\/pppopoczno.pl\/#organization\",\"name\":\"Poradnia Psychologiczno-Pedagogiczna w Opocznie z fili\u0105 w Drzewicy\",\"url\":\"https:\/\/pppopoczno.pl\/\",\"logo\":{\"@type\":\"ImageObject\",\"inLanguage\":\"pl-PL\",\"@id\":\"https:\/\/pppopoczno.pl\/#\/schema\/logo\/image\/\",\"url\":\"\",\"contentUrl\":\"\",\"caption\":\"Poradnia Psychologiczno-Pedagogiczna w Opocznie z fili\u0105 w Drzewicy\"},\"image\":{\"@id\":\"https:\/\/pppopoczno.pl\/#\/schema\/logo\/image\/\"}},{\"@type\":\"Person\",\"@id\":\"https:\/\/pppopoczno.pl\/#\/schema\/person\/be528a9b182354facc9629bb9c3d792f\",\"name\":\"admin\",\"image\":{\"@type\":\"ImageObject\",\"inLanguage\":\"pl-PL\",\"@id\":\"https:\/\/pppopoczno.pl\/#\/schema\/person\/image\/\",\"url\":\"https:\/\/secure.gravatar.com\/avatar\/417e349a5b751537e909d25725ed2ea5bccc94139a30d2fb92eccb24c091167d?s=96&d=mm&r=g\",\"contentUrl\":\"https:\/\/secure.gravatar.com\/avatar\/417e349a5b751537e909d25725ed2ea5bccc94139a30d2fb92eccb24c091167d?s=96&d=mm&r=g\",\"caption\":\"admin\"},\"sameAs\":[\"http:\/\/pppopoczno.pl\"],\"url\":\"https:\/\/pppopoczno.pl\/?author=1\"}]}<\/script>\n<!-- \/ Yoast SEO plugin. -->","yoast_head_json":{"title":"FORUM SPECJALIST\u00d3W OPOCZNO 2023 - Poradnia Psychologiczno-Pedagogiczna w Opocznie z fili\u0105 w Drzewicy","robots":{"index":"index","follow":"follow","max-snippet":"max-snippet:-1","max-image-preview":"max-image-preview:large","max-video-preview":"max-video-preview:-1"},"canonical":"https:\/\/pppopoczno.pl\/?p=293","og_locale":"pl_PL","og_type":"article","og_title":"FORUM SPECJALIST\u00d3W OPOCZNO 2023 - Poradnia Psychologiczno-Pedagogiczna w Opocznie z fili\u0105 w Drzewicy","og_description":"Forum Specjalist\u00f3w dotycz\u0105ce \u201eZabezpieczenia psychologicznego i psychoterapeutycznego dzieci i m\u0142odzie\u017cy oraz rodzic\u00f3w i opiekun\u00f3w na terenie Powiatu Opoczy\u0144skiego\u201d odby\u0142o si\u0119 13 marca 2023r. w sali konferencyjnej Starostwa Powiatowego w Opocznie. Tematyka forum obejmowa\u0142a wzrost problem\u00f3w i chor\u00f3b o pod\u0142o\u017cu psychicznym, do kt\u00f3rych niew\u0105tpliwie w ostatnich latach przyczyni\u0142a si\u0119 epidemia Covid-19, l\u0119k o zdrowie i \u017cycie [&hellip;]","og_url":"https:\/\/pppopoczno.pl\/?p=293","og_site_name":"Poradnia Psychologiczno-Pedagogiczna w Opocznie z fili\u0105 w Drzewicy","article_published_time":"2023-03-20T19:17:31+00:00","article_modified_time":"2023-03-21T12:45:58+00:00","og_image":[{"url":"http:\/\/pppopoczno.pl\/wp-content\/uploads\/2023\/03\/ppp_forum_2023-1024x1024.jpg","type":"","width":"","height":""}],"author":"admin","twitter_card":"summary_large_image","twitter_misc":{"Napisane przez":"admin","Szacowany czas czytania":"3 minuty"},"schema":{"@context":"https:\/\/schema.org","@graph":[{"@type":"Article","@id":"https:\/\/pppopoczno.pl\/?p=293#article","isPartOf":{"@id":"https:\/\/pppopoczno.pl\/?p=293"},"author":{"name":"admin","@id":"https:\/\/pppopoczno.pl\/#\/schema\/person\/be528a9b182354facc9629bb9c3d792f"},"headline":"FORUM SPECJALIST\u00d3W OPOCZNO 2023","datePublished":"2023-03-20T19:17:31+00:00","dateModified":"2023-03-21T12:45:58+00:00","mainEntityOfPage":{"@id":"https:\/\/pppopoczno.pl\/?p=293"},"wordCount":479,"publisher":{"@id":"https:\/\/pppopoczno.pl\/#organization"},"image":{"@id":"https:\/\/pppopoczno.pl\/?p=293#primaryimage"},"thumbnailUrl":"http:\/\/pppopoczno.pl\/wp-content\/uploads\/2023\/03\/ppp_forum_2023-1024x1024.jpg","articleSection":["G\u0141\u00d3WNA (aktualno\u015bci)"],"inLanguage":"pl-PL"},{"@type":"WebPage","@id":"https:\/\/pppopoczno.pl\/?p=293","url":"https:\/\/pppopoczno.pl\/?p=293","name":"FORUM SPECJALIST\u00d3W OPOCZNO 2023 - Poradnia Psychologiczno-Pedagogiczna w Opocznie z fili\u0105 w Drzewicy","isPartOf":{"@id":"https:\/\/pppopoczno.pl\/#website"},"primaryImageOfPage":{"@id":"https:\/\/pppopoczno.pl\/?p=293#primaryimage"},"image":{"@id":"https:\/\/pppopoczno.pl\/?p=293#primaryimage"},"thumbnailUrl":"http:\/\/pppopoczno.pl\/wp-content\/uploads\/2023\/03\/ppp_forum_2023-1024x1024.jpg","datePublished":"2023-03-20T19:17:31+00:00","dateModified":"2023-03-21T12:45:58+00:00","inLanguage":"pl-PL","potentialAction":[{"@type":"ReadAction","target":["https:\/\/pppopoczno.pl\/?p=293"]}]},{"@type":"ImageObject","inLanguage":"pl-PL","@id":"https:\/\/pppopoczno.pl\/?p=293#primaryimage","url":"https:\/\/pppopoczno.pl\/wp-content\/uploads\/2023\/03\/ppp_forum_2023.jpg","contentUrl":"https:\/\/pppopoczno.pl\/wp-content\/uploads\/2023\/03\/ppp_forum_2023.jpg","width":2048,"height":2048,"caption":"Opis zdj\u0119cia: Punkt konsultacyjny Poradni Psychologiczno-Pedagogicznej w Opocznie z fili\u0105 w Drzewicy na Forum Specjalist\u00f3w dotycz\u0105cym zabezpieczenia psychologicznego i psychoterapeutycznego dzieci i m\u0142odzie\u017cy oraz rodzic\u00f3w i opiekun\u00f3w na terenie Powiatu Opoczy\u0144skiego. Na zdj\u0119ciu (od lewej): Monika Madej \u2013psycholog, Aleksandra Kopytowska-logopeda, Dagmara Staniszewska-Telus pedagog, Kaja Kurkowska-Pacan-psycholog. (\u017ar\u00f3d\u0142o: PPP w Opocznie)."},{"@type":"WebSite","@id":"https:\/\/pppopoczno.pl\/#website","url":"https:\/\/pppopoczno.pl\/","name":"Poradnia Psychologiczno-Pedagogiczna w Opocznie z fili\u0105 w Drzewicy","description":"&quot;Cz\u0142owiek jest tyle wart, ile mo\u017ce da\u0107 drugiemu cz\u0142owiekowi&quot; \u2013 Jan Pawe\u0142 II","publisher":{"@id":"https:\/\/pppopoczno.pl\/#organization"},"potentialAction":[{"@type":"SearchAction","target":{"@type":"EntryPoint","urlTemplate":"https:\/\/pppopoczno.pl\/?s={search_term_string}"},"query-input":{"@type":"PropertyValueSpecification","valueRequired":true,"valueName":"search_term_string"}}],"inLanguage":"pl-PL"},{"@type":"Organization","@id":"https:\/\/pppopoczno.pl\/#organization","name":"Poradnia Psychologiczno-Pedagogiczna w Opocznie z fili\u0105 w Drzewicy","url":"https:\/\/pppopoczno.pl\/","logo":{"@type":"ImageObject","inLanguage":"pl-PL","@id":"https:\/\/pppopoczno.pl\/#\/schema\/logo\/image\/","url":"","contentUrl":"","caption":"Poradnia Psychologiczno-Pedagogiczna w Opocznie z fili\u0105 w Drzewicy"},"image":{"@id":"https:\/\/pppopoczno.pl\/#\/schema\/logo\/image\/"}},{"@type":"Person","@id":"https:\/\/pppopoczno.pl\/#\/schema\/person\/be528a9b182354facc9629bb9c3d792f","name":"admin","image":{"@type":"ImageObject","inLanguage":"pl-PL","@id":"https:\/\/pppopoczno.pl\/#\/schema\/person\/image\/","url":"https:\/\/secure.gravatar.com\/avatar\/417e349a5b751537e909d25725ed2ea5bccc94139a30d2fb92eccb24c091167d?s=96&d=mm&r=g","contentUrl":"https:\/\/secure.gravatar.com\/avatar\/417e349a5b751537e909d25725ed2ea5bccc94139a30d2fb92eccb24c091167d?s=96&d=mm&r=g","caption":"admin"},"sameAs":["http:\/\/pppopoczno.pl"],"url":"https:\/\/pppopoczno.pl\/?author=1"}]}},"_links":{"self":[{"href":"https:\/\/pppopoczno.pl\/index.php?rest_route=\/wp\/v2\/posts\/293","targetHints":{"allow":["GET"]}}],"collection":[{"href":"https:\/\/pppopoczno.pl\/index.php?rest_route=\/wp\/v2\/posts"}],"about":[{"href":"https:\/\/pppopoczno.pl\/index.php?rest_route=\/wp\/v2\/types\/post"}],"author":[{"embeddable":true,"href":"https:\/\/pppopoczno.pl\/index.php?rest_route=\/wp\/v2\/users\/1"}],"replies":[{"embeddable":true,"href":"https:\/\/pppopoczno.pl\/index.php?rest_route=%2Fwp%2Fv2%2Fcomments&post=293"}],"version-history":[{"count":1,"href":"https:\/\/pppopoczno.pl\/index.php?rest_route=\/wp\/v2\/posts\/293\/revisions"}],"predecessor-version":[{"id":296,"href":"https:\/\/pppopoczno.pl\/index.php?rest_route=\/wp\/v2\/posts\/293\/revisions\/296"}],"wp:attachment":[{"href":"https:\/\/pppopoczno.pl\/index.php?rest_route=%2Fwp%2Fv2%2Fmedia&parent=293"}],"wp:term":[{"taxonomy":"category","embeddable":true,"href":"https:\/\/pppopoczno.pl\/index.php?rest_route=%2Fwp%2Fv2%2Fcategories&post=293"},{"taxonomy":"post_tag","embeddable":true,"href":"https:\/\/pppopoczno.pl\/index.php?rest_route=%2Fwp%2Fv2%2Ftags&post=293"}],"curies":[{"name":"wp","href":"https:\/\/api.w.org\/{rel}","templated":true}]}}