{"id":286,"date":"2023-03-09T10:48:17","date_gmt":"2023-03-09T09:48:17","guid":{"rendered":"http:\/\/pppopoczno.pl\/?p=286"},"modified":"2023-03-20T10:57:16","modified_gmt":"2023-03-20T09:57:16","slug":"cykl-warsztatow-dla-rodzicow-szkola-dla-rodzicow-i-wychowawcow","status":"publish","type":"post","link":"https:\/\/pppopoczno.pl\/?p=286","title":{"rendered":"Cykl warsztat\u00f3w dla rodzic\u00f3w &#8222;Szko\u0142a dla rodzic\u00f3w i wychowawc\u00f3w&#8221;"},"content":{"rendered":"<p>Rodzice, wychodz\u0105c naprzeciw Waszym potrzebom, rozpoczynamy cykl warsztat\u00f3w dla rodzic\u00f3w\u00a0 <strong>&#8222;Szko\u0142a dla rodzic\u00f3w i wychowawc\u00f3w&#8221;. <\/strong>Edycja wiosenna ju\u017c si\u0119 rozpocz\u0119\u0142a, ale serdecznie pa\u0144stwa zapraszamy do wzi\u0119cia udzia\u0142u w programie, kt\u00f3ry jest realizowany w formie 10 spotka\u0144 warsztatowych o czasie trwania 2h-2,5h ka\u017cde spotkanie. Zaj\u0119cia rozpoczn\u0105 si\u0119, gdy na li\u015bcie znajdzie si\u0119 minimum 10 os\u00f3b. Do udzia\u0142u w nich zapraszamy wszystkich rodzic\u00f3w, kt\u00f3rzy chc\u0105 poszerzy\u0107 lub naby\u0107 praktyczne umiej\u0119tno\u015bci w zakresie m.in.: &#8222;Jak m\u00f3wi\u0107 \u017ceby dzieci nas s\u0142ucha\u0142y, jak s\u0142ucha\u0107, \u017ceby do nas m\u00f3wi\u0142y?&#8221;<!--more--><\/p>\n<p>Cykl warsztat\u00f3w obejmuje 10 spotka\u0144, na kt\u00f3rych zdobyta wiedza zar\u00f3wno praktyczna jak i teoretyczna pozwoli \u015bwiadomiej tworzy\u0107 coraz lepsz\u0105 relacj\u0119 ze swoim dzieckiem:<\/p>\n<p>Jak wyznacza\u0107 swoje granice?<\/p>\n<p>Jak radzi\u0107 sobie ze swoimi uczuciami i uczuciami dziecka?<\/p>\n<p>Jak wyra\u017ca\u0107 i rozpoznawa\u0107 uczucia?<\/p>\n<p>Jak zach\u0119ci\u0107 dziecko do wsp\u00f3\u0142pracy i samodzielno\u015bci?<\/p>\n<p>Czy stosowa\u0107 kary i jaki jest ich skutek?<\/p>\n<p>Jak rozwi\u0105zywa\u0107 problemy i konflikty?<\/p>\n<p>Co robi\u0107, \u017ceby uwolni\u0107 dziecko od przypisanej mu roli np. &#8222;niejadka&#8221; czy &#8222;dziecka niegrzecznego&#8221;?<\/p>\n<p>Sk\u0105d si\u0119 bierze motywacja do nauki?<\/p>\n<p>&nbsp;<\/p>\n<p>Zapisy w sekretariacie poradni i pod numerem telefonu:\u00a0\u00a0 44 741-64-62<\/p>\n","protected":false},"excerpt":{"rendered":"<p>Rodzice, wychodz\u0105c naprzeciw Waszym potrzebom, rozpoczynamy cykl warsztat\u00f3w dla rodzic\u00f3w\u00a0 &#8222;Szko\u0142a dla rodzic\u00f3w i wychowawc\u00f3w&#8221;. Edycja wiosenna ju\u017c si\u0119 rozpocz\u0119\u0142a, ale serdecznie pa\u0144stwa zapraszamy do wzi\u0119cia udzia\u0142u w programie, kt\u00f3ry jest realizowany w formie 10 spotka\u0144 warsztatowych o czasie trwania 2h-2,5h ka\u017cde spotkanie. Zaj\u0119cia rozpoczn\u0105 si\u0119, gdy na li\u015bcie znajdzie si\u0119 minimum 10 os\u00f3b. Do [&hellip;]<\/p>\n","protected":false},"author":1,"featured_media":0,"comment_status":"closed","ping_status":"closed","sticky":false,"template":"","format":"standard","meta":{"footnotes":""},"categories":[4],"tags":[],"class_list":["post-286","post","type-post","status-publish","format-standard","hentry","category-glowna-aktualnosci"],"yoast_head":"<!-- This site is optimized with the Yoast SEO plugin v26.0 - https:\/\/yoast.com\/wordpress\/plugins\/seo\/ -->\n<title>Cykl warsztat\u00f3w dla rodzic\u00f3w &quot;Szko\u0142a dla rodzic\u00f3w i wychowawc\u00f3w&quot; - Poradnia Psychologiczno-Pedagogiczna w Opocznie z fili\u0105 w Drzewicy<\/title>\n<meta name=\"robots\" content=\"index, follow, max-snippet:-1, max-image-preview:large, max-video-preview:-1\" \/>\n<link rel=\"canonical\" href=\"https:\/\/pppopoczno.pl\/?p=286\" \/>\n<meta property=\"og:locale\" content=\"pl_PL\" \/>\n<meta property=\"og:type\" content=\"article\" \/>\n<meta property=\"og:title\" content=\"Cykl warsztat\u00f3w dla rodzic\u00f3w &quot;Szko\u0142a dla rodzic\u00f3w i wychowawc\u00f3w&quot; - Poradnia Psychologiczno-Pedagogiczna w Opocznie z fili\u0105 w Drzewicy\" \/>\n<meta property=\"og:description\" content=\"Rodzice, wychodz\u0105c naprzeciw Waszym potrzebom, rozpoczynamy cykl warsztat\u00f3w dla rodzic\u00f3w\u00a0 &#8222;Szko\u0142a dla rodzic\u00f3w i wychowawc\u00f3w&#8221;. Edycja wiosenna ju\u017c si\u0119 rozpocz\u0119\u0142a, ale serdecznie pa\u0144stwa zapraszamy do wzi\u0119cia udzia\u0142u w programie, kt\u00f3ry jest realizowany w formie 10 spotka\u0144 warsztatowych o czasie trwania 2h-2,5h ka\u017cde spotkanie. Zaj\u0119cia rozpoczn\u0105 si\u0119, gdy na li\u015bcie znajdzie si\u0119 minimum 10 os\u00f3b. Do [&hellip;]\" \/>\n<meta property=\"og:url\" content=\"https:\/\/pppopoczno.pl\/?p=286\" \/>\n<meta property=\"og:site_name\" content=\"Poradnia Psychologiczno-Pedagogiczna w Opocznie z fili\u0105 w Drzewicy\" \/>\n<meta property=\"article:published_time\" content=\"2023-03-09T09:48:17+00:00\" \/>\n<meta property=\"article:modified_time\" content=\"2023-03-20T09:57:16+00:00\" \/>\n<meta name=\"author\" content=\"admin\" \/>\n<meta name=\"twitter:card\" content=\"summary_large_image\" \/>\n<meta name=\"twitter:label1\" content=\"Napisane przez\" \/>\n\t<meta name=\"twitter:data1\" content=\"admin\" \/>\n\t<meta name=\"twitter:label2\" content=\"Szacowany czas czytania\" \/>\n\t<meta name=\"twitter:data2\" content=\"2 minuty\" \/>\n<script type=\"application\/ld+json\" class=\"yoast-schema-graph\">{\"@context\":\"https:\/\/schema.org\",\"@graph\":[{\"@type\":\"Article\",\"@id\":\"https:\/\/pppopoczno.pl\/?p=286#article\",\"isPartOf\":{\"@id\":\"https:\/\/pppopoczno.pl\/?p=286\"},\"author\":{\"name\":\"admin\",\"@id\":\"https:\/\/pppopoczno.pl\/#\/schema\/person\/be528a9b182354facc9629bb9c3d792f\"},\"headline\":\"Cykl warsztat\u00f3w dla rodzic\u00f3w &#8222;Szko\u0142a dla rodzic\u00f3w i wychowawc\u00f3w&#8221;\",\"datePublished\":\"2023-03-09T09:48:17+00:00\",\"dateModified\":\"2023-03-20T09:57:16+00:00\",\"mainEntityOfPage\":{\"@id\":\"https:\/\/pppopoczno.pl\/?p=286\"},\"wordCount\":223,\"publisher\":{\"@id\":\"https:\/\/pppopoczno.pl\/#organization\"},\"articleSection\":[\"G\u0141\u00d3WNA (aktualno\u015bci)\"],\"inLanguage\":\"pl-PL\"},{\"@type\":\"WebPage\",\"@id\":\"https:\/\/pppopoczno.pl\/?p=286\",\"url\":\"https:\/\/pppopoczno.pl\/?p=286\",\"name\":\"Cykl warsztat\u00f3w dla rodzic\u00f3w \\\"Szko\u0142a dla rodzic\u00f3w i wychowawc\u00f3w\\\" - Poradnia Psychologiczno-Pedagogiczna w Opocznie z fili\u0105 w Drzewicy\",\"isPartOf\":{\"@id\":\"https:\/\/pppopoczno.pl\/#website\"},\"datePublished\":\"2023-03-09T09:48:17+00:00\",\"dateModified\":\"2023-03-20T09:57:16+00:00\",\"inLanguage\":\"pl-PL\",\"potentialAction\":[{\"@type\":\"ReadAction\",\"target\":[\"https:\/\/pppopoczno.pl\/?p=286\"]}]},{\"@type\":\"WebSite\",\"@id\":\"https:\/\/pppopoczno.pl\/#website\",\"url\":\"https:\/\/pppopoczno.pl\/\",\"name\":\"Poradnia Psychologiczno-Pedagogiczna w Opocznie z fili\u0105 w Drzewicy\",\"description\":\"&quot;Cz\u0142owiek jest tyle wart, ile mo\u017ce da\u0107 drugiemu cz\u0142owiekowi&quot; \u2013 Jan Pawe\u0142 II\",\"publisher\":{\"@id\":\"https:\/\/pppopoczno.pl\/#organization\"},\"potentialAction\":[{\"@type\":\"SearchAction\",\"target\":{\"@type\":\"EntryPoint\",\"urlTemplate\":\"https:\/\/pppopoczno.pl\/?s={search_term_string}\"},\"query-input\":{\"@type\":\"PropertyValueSpecification\",\"valueRequired\":true,\"valueName\":\"search_term_string\"}}],\"inLanguage\":\"pl-PL\"},{\"@type\":\"Organization\",\"@id\":\"https:\/\/pppopoczno.pl\/#organization\",\"name\":\"Poradnia Psychologiczno-Pedagogiczna w Opocznie z fili\u0105 w Drzewicy\",\"url\":\"https:\/\/pppopoczno.pl\/\",\"logo\":{\"@type\":\"ImageObject\",\"inLanguage\":\"pl-PL\",\"@id\":\"https:\/\/pppopoczno.pl\/#\/schema\/logo\/image\/\",\"url\":\"\",\"contentUrl\":\"\",\"caption\":\"Poradnia Psychologiczno-Pedagogiczna w Opocznie z fili\u0105 w Drzewicy\"},\"image\":{\"@id\":\"https:\/\/pppopoczno.pl\/#\/schema\/logo\/image\/\"}},{\"@type\":\"Person\",\"@id\":\"https:\/\/pppopoczno.pl\/#\/schema\/person\/be528a9b182354facc9629bb9c3d792f\",\"name\":\"admin\",\"image\":{\"@type\":\"ImageObject\",\"inLanguage\":\"pl-PL\",\"@id\":\"https:\/\/pppopoczno.pl\/#\/schema\/person\/image\/\",\"url\":\"https:\/\/secure.gravatar.com\/avatar\/417e349a5b751537e909d25725ed2ea5bccc94139a30d2fb92eccb24c091167d?s=96&d=mm&r=g\",\"contentUrl\":\"https:\/\/secure.gravatar.com\/avatar\/417e349a5b751537e909d25725ed2ea5bccc94139a30d2fb92eccb24c091167d?s=96&d=mm&r=g\",\"caption\":\"admin\"},\"sameAs\":[\"http:\/\/pppopoczno.pl\"],\"url\":\"https:\/\/pppopoczno.pl\/?author=1\"}]}<\/script>\n<!-- \/ Yoast SEO plugin. -->","yoast_head_json":{"title":"Cykl warsztat\u00f3w dla rodzic\u00f3w \"Szko\u0142a dla rodzic\u00f3w i wychowawc\u00f3w\" - Poradnia Psychologiczno-Pedagogiczna w Opocznie z fili\u0105 w Drzewicy","robots":{"index":"index","follow":"follow","max-snippet":"max-snippet:-1","max-image-preview":"max-image-preview:large","max-video-preview":"max-video-preview:-1"},"canonical":"https:\/\/pppopoczno.pl\/?p=286","og_locale":"pl_PL","og_type":"article","og_title":"Cykl warsztat\u00f3w dla rodzic\u00f3w \"Szko\u0142a dla rodzic\u00f3w i wychowawc\u00f3w\" - Poradnia Psychologiczno-Pedagogiczna w Opocznie z fili\u0105 w Drzewicy","og_description":"Rodzice, wychodz\u0105c naprzeciw Waszym potrzebom, rozpoczynamy cykl warsztat\u00f3w dla rodzic\u00f3w\u00a0 &#8222;Szko\u0142a dla rodzic\u00f3w i wychowawc\u00f3w&#8221;. Edycja wiosenna ju\u017c si\u0119 rozpocz\u0119\u0142a, ale serdecznie pa\u0144stwa zapraszamy do wzi\u0119cia udzia\u0142u w programie, kt\u00f3ry jest realizowany w formie 10 spotka\u0144 warsztatowych o czasie trwania 2h-2,5h ka\u017cde spotkanie. Zaj\u0119cia rozpoczn\u0105 si\u0119, gdy na li\u015bcie znajdzie si\u0119 minimum 10 os\u00f3b. Do [&hellip;]","og_url":"https:\/\/pppopoczno.pl\/?p=286","og_site_name":"Poradnia Psychologiczno-Pedagogiczna w Opocznie z fili\u0105 w Drzewicy","article_published_time":"2023-03-09T09:48:17+00:00","article_modified_time":"2023-03-20T09:57:16+00:00","author":"admin","twitter_card":"summary_large_image","twitter_misc":{"Napisane przez":"admin","Szacowany czas czytania":"2 minuty"},"schema":{"@context":"https:\/\/schema.org","@graph":[{"@type":"Article","@id":"https:\/\/pppopoczno.pl\/?p=286#article","isPartOf":{"@id":"https:\/\/pppopoczno.pl\/?p=286"},"author":{"name":"admin","@id":"https:\/\/pppopoczno.pl\/#\/schema\/person\/be528a9b182354facc9629bb9c3d792f"},"headline":"Cykl warsztat\u00f3w dla rodzic\u00f3w &#8222;Szko\u0142a dla rodzic\u00f3w i wychowawc\u00f3w&#8221;","datePublished":"2023-03-09T09:48:17+00:00","dateModified":"2023-03-20T09:57:16+00:00","mainEntityOfPage":{"@id":"https:\/\/pppopoczno.pl\/?p=286"},"wordCount":223,"publisher":{"@id":"https:\/\/pppopoczno.pl\/#organization"},"articleSection":["G\u0141\u00d3WNA (aktualno\u015bci)"],"inLanguage":"pl-PL"},{"@type":"WebPage","@id":"https:\/\/pppopoczno.pl\/?p=286","url":"https:\/\/pppopoczno.pl\/?p=286","name":"Cykl warsztat\u00f3w dla rodzic\u00f3w \"Szko\u0142a dla rodzic\u00f3w i wychowawc\u00f3w\" - Poradnia Psychologiczno-Pedagogiczna w Opocznie z fili\u0105 w Drzewicy","isPartOf":{"@id":"https:\/\/pppopoczno.pl\/#website"},"datePublished":"2023-03-09T09:48:17+00:00","dateModified":"2023-03-20T09:57:16+00:00","inLanguage":"pl-PL","potentialAction":[{"@type":"ReadAction","target":["https:\/\/pppopoczno.pl\/?p=286"]}]},{"@type":"WebSite","@id":"https:\/\/pppopoczno.pl\/#website","url":"https:\/\/pppopoczno.pl\/","name":"Poradnia Psychologiczno-Pedagogiczna w Opocznie z fili\u0105 w Drzewicy","description":"&quot;Cz\u0142owiek jest tyle wart, ile mo\u017ce da\u0107 drugiemu cz\u0142owiekowi&quot; \u2013 Jan Pawe\u0142 II","publisher":{"@id":"https:\/\/pppopoczno.pl\/#organization"},"potentialAction":[{"@type":"SearchAction","target":{"@type":"EntryPoint","urlTemplate":"https:\/\/pppopoczno.pl\/?s={search_term_string}"},"query-input":{"@type":"PropertyValueSpecification","valueRequired":true,"valueName":"search_term_string"}}],"inLanguage":"pl-PL"},{"@type":"Organization","@id":"https:\/\/pppopoczno.pl\/#organization","name":"Poradnia Psychologiczno-Pedagogiczna w Opocznie z fili\u0105 w Drzewicy","url":"https:\/\/pppopoczno.pl\/","logo":{"@type":"ImageObject","inLanguage":"pl-PL","@id":"https:\/\/pppopoczno.pl\/#\/schema\/logo\/image\/","url":"","contentUrl":"","caption":"Poradnia Psychologiczno-Pedagogiczna w Opocznie z fili\u0105 w Drzewicy"},"image":{"@id":"https:\/\/pppopoczno.pl\/#\/schema\/logo\/image\/"}},{"@type":"Person","@id":"https:\/\/pppopoczno.pl\/#\/schema\/person\/be528a9b182354facc9629bb9c3d792f","name":"admin","image":{"@type":"ImageObject","inLanguage":"pl-PL","@id":"https:\/\/pppopoczno.pl\/#\/schema\/person\/image\/","url":"https:\/\/secure.gravatar.com\/avatar\/417e349a5b751537e909d25725ed2ea5bccc94139a30d2fb92eccb24c091167d?s=96&d=mm&r=g","contentUrl":"https:\/\/secure.gravatar.com\/avatar\/417e349a5b751537e909d25725ed2ea5bccc94139a30d2fb92eccb24c091167d?s=96&d=mm&r=g","caption":"admin"},"sameAs":["http:\/\/pppopoczno.pl"],"url":"https:\/\/pppopoczno.pl\/?author=1"}]}},"_links":{"self":[{"href":"https:\/\/pppopoczno.pl\/index.php?rest_route=\/wp\/v2\/posts\/286","targetHints":{"allow":["GET"]}}],"collection":[{"href":"https:\/\/pppopoczno.pl\/index.php?rest_route=\/wp\/v2\/posts"}],"about":[{"href":"https:\/\/pppopoczno.pl\/index.php?rest_route=\/wp\/v2\/types\/post"}],"author":[{"embeddable":true,"href":"https:\/\/pppopoczno.pl\/index.php?rest_route=\/wp\/v2\/users\/1"}],"replies":[{"embeddable":true,"href":"https:\/\/pppopoczno.pl\/index.php?rest_route=%2Fwp%2Fv2%2Fcomments&post=286"}],"version-history":[{"count":1,"href":"https:\/\/pppopoczno.pl\/index.php?rest_route=\/wp\/v2\/posts\/286\/revisions"}],"predecessor-version":[{"id":287,"href":"https:\/\/pppopoczno.pl\/index.php?rest_route=\/wp\/v2\/posts\/286\/revisions\/287"}],"wp:attachment":[{"href":"https:\/\/pppopoczno.pl\/index.php?rest_route=%2Fwp%2Fv2%2Fmedia&parent=286"}],"wp:term":[{"taxonomy":"category","embeddable":true,"href":"https:\/\/pppopoczno.pl\/index.php?rest_route=%2Fwp%2Fv2%2Fcategories&post=286"},{"taxonomy":"post_tag","embeddable":true,"href":"https:\/\/pppopoczno.pl\/index.php?rest_route=%2Fwp%2Fv2%2Ftags&post=286"}],"curies":[{"name":"wp","href":"https:\/\/api.w.org\/{rel}","templated":true}]}}