{"id":273,"date":"2023-03-09T23:13:46","date_gmt":"2023-03-09T22:13:46","guid":{"rendered":"http:\/\/pppopoczno.pl\/?p=273"},"modified":"2023-03-19T23:16:36","modified_gmt":"2023-03-19T22:16:36","slug":"273","status":"publish","type":"post","link":"https:\/\/pppopoczno.pl\/?p=273","title":{"rendered":"Informacja"},"content":{"rendered":"<figure id=\"attachment_274\" aria-describedby=\"caption-attachment-274\" style=\"width: 576px\" class=\"wp-caption aligncenter\"><img fetchpriority=\"high\" decoding=\"async\" class=\"wp-image-274 size-large\" src=\"https:\/\/pppopoczno.pl\/wp-content\/uploads\/2023\/03\/plakat-relaksacja2-576x1024.jpg\" alt=\"Plakat dotycz\u0105cy zaj\u0119\u0107 relaksacyjnych w Poradni Psychologiczno-Pedagogicznej w Opocznie. Warsztaty skierowane s\u0105 do m\u0142odzie\u017cy ze szk\u00f3\u0142 ponadpodstawowych z naszego powiatu. Wszystkich zainteresowanych zapraszamy do zapis\u00f3w do dnia 15.02.2023 roku poprzez kontakt z sekretariatem Poradni - tel: 44\/741-64-62.\" width=\"576\" height=\"1024\" srcset=\"https:\/\/pppopoczno.pl\/wp-content\/uploads\/2023\/03\/plakat-relaksacja2-576x1024.jpg 576w, https:\/\/pppopoczno.pl\/wp-content\/uploads\/2023\/03\/plakat-relaksacja2-169x300.jpg 169w, https:\/\/pppopoczno.pl\/wp-content\/uploads\/2023\/03\/plakat-relaksacja2-768x1365.jpg 768w, https:\/\/pppopoczno.pl\/wp-content\/uploads\/2023\/03\/plakat-relaksacja2-864x1536.jpg 864w, https:\/\/pppopoczno.pl\/wp-content\/uploads\/2023\/03\/plakat-relaksacja2.jpg 1080w\" sizes=\"(max-width: 576px) 100vw, 576px\" \/><figcaption id=\"caption-attachment-274\" class=\"wp-caption-text\">Plakat dotycz\u0105cy zaj\u0119\u0107 relaksacyjnych w Poradni Psychologiczno-Pedagogicznej w Opocznie. Warsztaty skierowane s\u0105 do m\u0142odzie\u017cy ze szk\u00f3\u0142 ponadpodstawowych z naszego powiatu. Wszystkich zainteresowanych zapraszamy do zapis\u00f3w do dnia 15.02.2023 roku poprzez kontakt z sekretariatem Poradni &#8211; tel: 44\/741-64-62.<\/figcaption><\/figure>\n","protected":false},"excerpt":{"rendered":"","protected":false},"author":1,"featured_media":0,"comment_status":"closed","ping_status":"closed","sticky":false,"template":"","format":"standard","meta":{"footnotes":""},"categories":[4],"tags":[],"class_list":["post-273","post","type-post","status-publish","format-standard","hentry","category-glowna-aktualnosci"],"yoast_head":"<!-- This site is optimized with the Yoast SEO plugin v26.0 - https:\/\/yoast.com\/wordpress\/plugins\/seo\/ -->\n<title>Informacja - Poradnia Psychologiczno-Pedagogiczna w Opocznie z fili\u0105 w Drzewicy<\/title>\n<meta name=\"robots\" content=\"index, follow, max-snippet:-1, max-image-preview:large, max-video-preview:-1\" \/>\n<link rel=\"canonical\" href=\"https:\/\/pppopoczno.pl\/?p=273\" \/>\n<meta property=\"og:locale\" content=\"pl_PL\" \/>\n<meta property=\"og:type\" content=\"article\" \/>\n<meta property=\"og:title\" content=\"Informacja - Poradnia Psychologiczno-Pedagogiczna w Opocznie z fili\u0105 w Drzewicy\" \/>\n<meta property=\"og:url\" content=\"https:\/\/pppopoczno.pl\/?p=273\" \/>\n<meta property=\"og:site_name\" content=\"Poradnia Psychologiczno-Pedagogiczna w Opocznie z fili\u0105 w Drzewicy\" \/>\n<meta property=\"article:published_time\" content=\"2023-03-09T22:13:46+00:00\" \/>\n<meta property=\"article:modified_time\" content=\"2023-03-19T22:16:36+00:00\" \/>\n<meta property=\"og:image\" content=\"http:\/\/pppopoczno.pl\/wp-content\/uploads\/2023\/03\/plakat-relaksacja2-576x1024.jpg\" \/>\n<meta name=\"author\" content=\"admin\" \/>\n<meta name=\"twitter:card\" content=\"summary_large_image\" \/>\n<meta name=\"twitter:label1\" content=\"Napisane przez\" \/>\n\t<meta name=\"twitter:data1\" content=\"admin\" \/>\n\t<meta name=\"twitter:label2\" content=\"Szacowany czas czytania\" \/>\n\t<meta name=\"twitter:data2\" content=\"1 minuta\" \/>\n<script type=\"application\/ld+json\" class=\"yoast-schema-graph\">{\"@context\":\"https:\/\/schema.org\",\"@graph\":[{\"@type\":\"Article\",\"@id\":\"https:\/\/pppopoczno.pl\/?p=273#article\",\"isPartOf\":{\"@id\":\"https:\/\/pppopoczno.pl\/?p=273\"},\"author\":{\"name\":\"admin\",\"@id\":\"https:\/\/pppopoczno.pl\/#\/schema\/person\/be528a9b182354facc9629bb9c3d792f\"},\"headline\":\"Informacja\",\"datePublished\":\"2023-03-09T22:13:46+00:00\",\"dateModified\":\"2023-03-19T22:16:36+00:00\",\"mainEntityOfPage\":{\"@id\":\"https:\/\/pppopoczno.pl\/?p=273\"},\"wordCount\":49,\"publisher\":{\"@id\":\"https:\/\/pppopoczno.pl\/#organization\"},\"image\":{\"@id\":\"https:\/\/pppopoczno.pl\/?p=273#primaryimage\"},\"thumbnailUrl\":\"http:\/\/pppopoczno.pl\/wp-content\/uploads\/2023\/03\/plakat-relaksacja2-576x1024.jpg\",\"articleSection\":[\"G\u0141\u00d3WNA (aktualno\u015bci)\"],\"inLanguage\":\"pl-PL\"},{\"@type\":\"WebPage\",\"@id\":\"https:\/\/pppopoczno.pl\/?p=273\",\"url\":\"https:\/\/pppopoczno.pl\/?p=273\",\"name\":\"Informacja - Poradnia Psychologiczno-Pedagogiczna w Opocznie z fili\u0105 w Drzewicy\",\"isPartOf\":{\"@id\":\"https:\/\/pppopoczno.pl\/#website\"},\"primaryImageOfPage\":{\"@id\":\"https:\/\/pppopoczno.pl\/?p=273#primaryimage\"},\"image\":{\"@id\":\"https:\/\/pppopoczno.pl\/?p=273#primaryimage\"},\"thumbnailUrl\":\"http:\/\/pppopoczno.pl\/wp-content\/uploads\/2023\/03\/plakat-relaksacja2-576x1024.jpg\",\"datePublished\":\"2023-03-09T22:13:46+00:00\",\"dateModified\":\"2023-03-19T22:16:36+00:00\",\"inLanguage\":\"pl-PL\",\"potentialAction\":[{\"@type\":\"ReadAction\",\"target\":[\"https:\/\/pppopoczno.pl\/?p=273\"]}]},{\"@type\":\"ImageObject\",\"inLanguage\":\"pl-PL\",\"@id\":\"https:\/\/pppopoczno.pl\/?p=273#primaryimage\",\"url\":\"https:\/\/pppopoczno.pl\/wp-content\/uploads\/2023\/03\/plakat-relaksacja2.jpg\",\"contentUrl\":\"https:\/\/pppopoczno.pl\/wp-content\/uploads\/2023\/03\/plakat-relaksacja2.jpg\",\"width\":1080,\"height\":1920,\"caption\":\"Plakat dotycz\u0105cy zaj\u0119\u0107 relaksacyjnych w Poradni Psychologiczno-Pedagogicznej w Opocznie. Warsztaty skierowane s\u0105 do m\u0142odzie\u017cy ze szk\u00f3\u0142 ponadpodstawowych z naszego powiatu. Wszystkich zainteresowanych zapraszamy do zapis\u00f3w do dnia 15.02.2023 roku poprzez kontakt z sekretariatem Poradni - tel: 44\/741-64-62.\"},{\"@type\":\"WebSite\",\"@id\":\"https:\/\/pppopoczno.pl\/#website\",\"url\":\"https:\/\/pppopoczno.pl\/\",\"name\":\"Poradnia Psychologiczno-Pedagogiczna w Opocznie z fili\u0105 w Drzewicy\",\"description\":\"&quot;Cz\u0142owiek jest tyle wart, ile mo\u017ce da\u0107 drugiemu cz\u0142owiekowi&quot; \u2013 Jan Pawe\u0142 II\",\"publisher\":{\"@id\":\"https:\/\/pppopoczno.pl\/#organization\"},\"potentialAction\":[{\"@type\":\"SearchAction\",\"target\":{\"@type\":\"EntryPoint\",\"urlTemplate\":\"https:\/\/pppopoczno.pl\/?s={search_term_string}\"},\"query-input\":{\"@type\":\"PropertyValueSpecification\",\"valueRequired\":true,\"valueName\":\"search_term_string\"}}],\"inLanguage\":\"pl-PL\"},{\"@type\":\"Organization\",\"@id\":\"https:\/\/pppopoczno.pl\/#organization\",\"name\":\"Poradnia Psychologiczno-Pedagogiczna w Opocznie z fili\u0105 w Drzewicy\",\"url\":\"https:\/\/pppopoczno.pl\/\",\"logo\":{\"@type\":\"ImageObject\",\"inLanguage\":\"pl-PL\",\"@id\":\"https:\/\/pppopoczno.pl\/#\/schema\/logo\/image\/\",\"url\":\"\",\"contentUrl\":\"\",\"caption\":\"Poradnia Psychologiczno-Pedagogiczna w Opocznie z fili\u0105 w Drzewicy\"},\"image\":{\"@id\":\"https:\/\/pppopoczno.pl\/#\/schema\/logo\/image\/\"}},{\"@type\":\"Person\",\"@id\":\"https:\/\/pppopoczno.pl\/#\/schema\/person\/be528a9b182354facc9629bb9c3d792f\",\"name\":\"admin\",\"image\":{\"@type\":\"ImageObject\",\"inLanguage\":\"pl-PL\",\"@id\":\"https:\/\/pppopoczno.pl\/#\/schema\/person\/image\/\",\"url\":\"https:\/\/secure.gravatar.com\/avatar\/417e349a5b751537e909d25725ed2ea5bccc94139a30d2fb92eccb24c091167d?s=96&d=mm&r=g\",\"contentUrl\":\"https:\/\/secure.gravatar.com\/avatar\/417e349a5b751537e909d25725ed2ea5bccc94139a30d2fb92eccb24c091167d?s=96&d=mm&r=g\",\"caption\":\"admin\"},\"sameAs\":[\"http:\/\/pppopoczno.pl\"],\"url\":\"https:\/\/pppopoczno.pl\/?author=1\"}]}<\/script>\n<!-- \/ Yoast SEO plugin. -->","yoast_head_json":{"title":"Informacja - Poradnia Psychologiczno-Pedagogiczna w Opocznie z fili\u0105 w Drzewicy","robots":{"index":"index","follow":"follow","max-snippet":"max-snippet:-1","max-image-preview":"max-image-preview:large","max-video-preview":"max-video-preview:-1"},"canonical":"https:\/\/pppopoczno.pl\/?p=273","og_locale":"pl_PL","og_type":"article","og_title":"Informacja - Poradnia Psychologiczno-Pedagogiczna w Opocznie z fili\u0105 w Drzewicy","og_url":"https:\/\/pppopoczno.pl\/?p=273","og_site_name":"Poradnia Psychologiczno-Pedagogiczna w Opocznie z fili\u0105 w Drzewicy","article_published_time":"2023-03-09T22:13:46+00:00","article_modified_time":"2023-03-19T22:16:36+00:00","og_image":[{"url":"http:\/\/pppopoczno.pl\/wp-content\/uploads\/2023\/03\/plakat-relaksacja2-576x1024.jpg","type":"","width":"","height":""}],"author":"admin","twitter_card":"summary_large_image","twitter_misc":{"Napisane przez":"admin","Szacowany czas czytania":"1 minuta"},"schema":{"@context":"https:\/\/schema.org","@graph":[{"@type":"Article","@id":"https:\/\/pppopoczno.pl\/?p=273#article","isPartOf":{"@id":"https:\/\/pppopoczno.pl\/?p=273"},"author":{"name":"admin","@id":"https:\/\/pppopoczno.pl\/#\/schema\/person\/be528a9b182354facc9629bb9c3d792f"},"headline":"Informacja","datePublished":"2023-03-09T22:13:46+00:00","dateModified":"2023-03-19T22:16:36+00:00","mainEntityOfPage":{"@id":"https:\/\/pppopoczno.pl\/?p=273"},"wordCount":49,"publisher":{"@id":"https:\/\/pppopoczno.pl\/#organization"},"image":{"@id":"https:\/\/pppopoczno.pl\/?p=273#primaryimage"},"thumbnailUrl":"http:\/\/pppopoczno.pl\/wp-content\/uploads\/2023\/03\/plakat-relaksacja2-576x1024.jpg","articleSection":["G\u0141\u00d3WNA (aktualno\u015bci)"],"inLanguage":"pl-PL"},{"@type":"WebPage","@id":"https:\/\/pppopoczno.pl\/?p=273","url":"https:\/\/pppopoczno.pl\/?p=273","name":"Informacja - Poradnia Psychologiczno-Pedagogiczna w Opocznie z fili\u0105 w Drzewicy","isPartOf":{"@id":"https:\/\/pppopoczno.pl\/#website"},"primaryImageOfPage":{"@id":"https:\/\/pppopoczno.pl\/?p=273#primaryimage"},"image":{"@id":"https:\/\/pppopoczno.pl\/?p=273#primaryimage"},"thumbnailUrl":"http:\/\/pppopoczno.pl\/wp-content\/uploads\/2023\/03\/plakat-relaksacja2-576x1024.jpg","datePublished":"2023-03-09T22:13:46+00:00","dateModified":"2023-03-19T22:16:36+00:00","inLanguage":"pl-PL","potentialAction":[{"@type":"ReadAction","target":["https:\/\/pppopoczno.pl\/?p=273"]}]},{"@type":"ImageObject","inLanguage":"pl-PL","@id":"https:\/\/pppopoczno.pl\/?p=273#primaryimage","url":"https:\/\/pppopoczno.pl\/wp-content\/uploads\/2023\/03\/plakat-relaksacja2.jpg","contentUrl":"https:\/\/pppopoczno.pl\/wp-content\/uploads\/2023\/03\/plakat-relaksacja2.jpg","width":1080,"height":1920,"caption":"Plakat dotycz\u0105cy zaj\u0119\u0107 relaksacyjnych w Poradni Psychologiczno-Pedagogicznej w Opocznie. Warsztaty skierowane s\u0105 do m\u0142odzie\u017cy ze szk\u00f3\u0142 ponadpodstawowych z naszego powiatu. Wszystkich zainteresowanych zapraszamy do zapis\u00f3w do dnia 15.02.2023 roku poprzez kontakt z sekretariatem Poradni - tel: 44\/741-64-62."},{"@type":"WebSite","@id":"https:\/\/pppopoczno.pl\/#website","url":"https:\/\/pppopoczno.pl\/","name":"Poradnia Psychologiczno-Pedagogiczna w Opocznie z fili\u0105 w Drzewicy","description":"&quot;Cz\u0142owiek jest tyle wart, ile mo\u017ce da\u0107 drugiemu cz\u0142owiekowi&quot; \u2013 Jan Pawe\u0142 II","publisher":{"@id":"https:\/\/pppopoczno.pl\/#organization"},"potentialAction":[{"@type":"SearchAction","target":{"@type":"EntryPoint","urlTemplate":"https:\/\/pppopoczno.pl\/?s={search_term_string}"},"query-input":{"@type":"PropertyValueSpecification","valueRequired":true,"valueName":"search_term_string"}}],"inLanguage":"pl-PL"},{"@type":"Organization","@id":"https:\/\/pppopoczno.pl\/#organization","name":"Poradnia Psychologiczno-Pedagogiczna w Opocznie z fili\u0105 w Drzewicy","url":"https:\/\/pppopoczno.pl\/","logo":{"@type":"ImageObject","inLanguage":"pl-PL","@id":"https:\/\/pppopoczno.pl\/#\/schema\/logo\/image\/","url":"","contentUrl":"","caption":"Poradnia Psychologiczno-Pedagogiczna w Opocznie z fili\u0105 w Drzewicy"},"image":{"@id":"https:\/\/pppopoczno.pl\/#\/schema\/logo\/image\/"}},{"@type":"Person","@id":"https:\/\/pppopoczno.pl\/#\/schema\/person\/be528a9b182354facc9629bb9c3d792f","name":"admin","image":{"@type":"ImageObject","inLanguage":"pl-PL","@id":"https:\/\/pppopoczno.pl\/#\/schema\/person\/image\/","url":"https:\/\/secure.gravatar.com\/avatar\/417e349a5b751537e909d25725ed2ea5bccc94139a30d2fb92eccb24c091167d?s=96&d=mm&r=g","contentUrl":"https:\/\/secure.gravatar.com\/avatar\/417e349a5b751537e909d25725ed2ea5bccc94139a30d2fb92eccb24c091167d?s=96&d=mm&r=g","caption":"admin"},"sameAs":["http:\/\/pppopoczno.pl"],"url":"https:\/\/pppopoczno.pl\/?author=1"}]}},"_links":{"self":[{"href":"https:\/\/pppopoczno.pl\/index.php?rest_route=\/wp\/v2\/posts\/273","targetHints":{"allow":["GET"]}}],"collection":[{"href":"https:\/\/pppopoczno.pl\/index.php?rest_route=\/wp\/v2\/posts"}],"about":[{"href":"https:\/\/pppopoczno.pl\/index.php?rest_route=\/wp\/v2\/types\/post"}],"author":[{"embeddable":true,"href":"https:\/\/pppopoczno.pl\/index.php?rest_route=\/wp\/v2\/users\/1"}],"replies":[{"embeddable":true,"href":"https:\/\/pppopoczno.pl\/index.php?rest_route=%2Fwp%2Fv2%2Fcomments&post=273"}],"version-history":[{"count":3,"href":"https:\/\/pppopoczno.pl\/index.php?rest_route=\/wp\/v2\/posts\/273\/revisions"}],"predecessor-version":[{"id":277,"href":"https:\/\/pppopoczno.pl\/index.php?rest_route=\/wp\/v2\/posts\/273\/revisions\/277"}],"wp:attachment":[{"href":"https:\/\/pppopoczno.pl\/index.php?rest_route=%2Fwp%2Fv2%2Fmedia&parent=273"}],"wp:term":[{"taxonomy":"category","embeddable":true,"href":"https:\/\/pppopoczno.pl\/index.php?rest_route=%2Fwp%2Fv2%2Fcategories&post=273"},{"taxonomy":"post_tag","embeddable":true,"href":"https:\/\/pppopoczno.pl\/index.php?rest_route=%2Fwp%2Fv2%2Ftags&post=273"}],"curies":[{"name":"wp","href":"https:\/\/api.w.org\/{rel}","templated":true}]}}