{"id":263,"date":"2022-10-15T12:54:17","date_gmt":"2022-10-15T10:54:17","guid":{"rendered":"http:\/\/pppopoczno.pl\/?p=263"},"modified":"2023-02-28T12:58:52","modified_gmt":"2023-02-28T11:58:52","slug":"szkolimy-sie","status":"publish","type":"post","link":"https:\/\/pppopoczno.pl\/?p=263","title":{"rendered":"Szkolimy si\u0119 !"},"content":{"rendered":"<p>Na zaproszenie Powiatowego Centrum Pomocy Rodzinie w Opocznie, pracownicy Naszej Poradni wzi\u0119li udzia\u0142 w szkoleniu dotycz\u0105cym ustawy o wspieraniu i resocjalizacji nieletnich, kt\u00f3ra wesz\u0142a w \u017cycie z dniem 1 wrze\u015bnia 2022 roku.\u00a0 Spotkanie przeprowadzi\u0142o Wielkopolskie Centrum Profilaktyki Uzale\u017cnie\u0144 i Przemocy.<!--more--><\/p>\n<figure id=\"attachment_264\" aria-describedby=\"caption-attachment-264\" style=\"width: 300px\" class=\"wp-caption aligncenter\"><img fetchpriority=\"high\" decoding=\"async\" class=\"wp-image-264 size-medium\" src=\"https:\/\/pppopoczno.pl\/wp-content\/uploads\/2023\/02\/007-300x225.jpg\" alt=\"Opis zdj\u0119cia: Szkolenie pracownik\u00f3w PP-P w Opocznie (\u017ar\u00f3d\u0142o: Powiatowe Centrum Pomocy Rodzinie w Opocznie - profil facebook)\" width=\"300\" height=\"225\" srcset=\"https:\/\/pppopoczno.pl\/wp-content\/uploads\/2023\/02\/007-300x225.jpg 300w, https:\/\/pppopoczno.pl\/wp-content\/uploads\/2023\/02\/007-768x576.jpg 768w, https:\/\/pppopoczno.pl\/wp-content\/uploads\/2023\/02\/007.jpg 960w\" sizes=\"(max-width: 300px) 100vw, 300px\" \/><figcaption id=\"caption-attachment-264\" class=\"wp-caption-text\">Opis zdj\u0119cia: Szkolenie pracownik\u00f3w PP-P w Opocznie (\u017ar\u00f3d\u0142o: Powiatowe Centrum Pomocy Rodzinie w Opocznie &#8211; profil facebook)<\/figcaption><\/figure>\n","protected":false},"excerpt":{"rendered":"<p>Na zaproszenie Powiatowego Centrum Pomocy Rodzinie w Opocznie, pracownicy Naszej Poradni wzi\u0119li udzia\u0142 w szkoleniu dotycz\u0105cym ustawy o wspieraniu i resocjalizacji nieletnich, kt\u00f3ra wesz\u0142a w \u017cycie z dniem 1 wrze\u015bnia 2022 roku.\u00a0 Spotkanie przeprowadzi\u0142o Wielkopolskie Centrum Profilaktyki Uzale\u017cnie\u0144 i Przemocy.<\/p>\n","protected":false},"author":1,"featured_media":0,"comment_status":"closed","ping_status":"closed","sticky":false,"template":"","format":"standard","meta":{"footnotes":""},"categories":[4],"tags":[],"class_list":["post-263","post","type-post","status-publish","format-standard","hentry","category-glowna-aktualnosci"],"yoast_head":"<!-- This site is optimized with the Yoast SEO plugin v26.0 - https:\/\/yoast.com\/wordpress\/plugins\/seo\/ -->\n<title>Szkolimy si\u0119 ! - Poradnia Psychologiczno-Pedagogiczna w Opocznie z fili\u0105 w Drzewicy<\/title>\n<meta name=\"robots\" content=\"index, follow, max-snippet:-1, max-image-preview:large, max-video-preview:-1\" \/>\n<link rel=\"canonical\" href=\"https:\/\/pppopoczno.pl\/?p=263\" \/>\n<meta property=\"og:locale\" content=\"pl_PL\" \/>\n<meta property=\"og:type\" content=\"article\" \/>\n<meta property=\"og:title\" content=\"Szkolimy si\u0119 ! - Poradnia Psychologiczno-Pedagogiczna w Opocznie z fili\u0105 w Drzewicy\" \/>\n<meta property=\"og:description\" content=\"Na zaproszenie Powiatowego Centrum Pomocy Rodzinie w Opocznie, pracownicy Naszej Poradni wzi\u0119li udzia\u0142 w szkoleniu dotycz\u0105cym ustawy o wspieraniu i resocjalizacji nieletnich, kt\u00f3ra wesz\u0142a w \u017cycie z dniem 1 wrze\u015bnia 2022 roku.\u00a0 Spotkanie przeprowadzi\u0142o Wielkopolskie Centrum Profilaktyki Uzale\u017cnie\u0144 i Przemocy.\" \/>\n<meta property=\"og:url\" content=\"https:\/\/pppopoczno.pl\/?p=263\" \/>\n<meta property=\"og:site_name\" content=\"Poradnia Psychologiczno-Pedagogiczna w Opocznie z fili\u0105 w Drzewicy\" \/>\n<meta property=\"article:published_time\" content=\"2022-10-15T10:54:17+00:00\" \/>\n<meta property=\"article:modified_time\" content=\"2023-02-28T11:58:52+00:00\" \/>\n<meta property=\"og:image\" content=\"http:\/\/pppopoczno.pl\/wp-content\/uploads\/2023\/02\/007-300x225.jpg\" \/>\n<meta name=\"author\" content=\"admin\" \/>\n<meta name=\"twitter:card\" content=\"summary_large_image\" \/>\n<meta name=\"twitter:label1\" content=\"Napisane przez\" \/>\n\t<meta name=\"twitter:data1\" content=\"admin\" \/>\n\t<meta name=\"twitter:label2\" content=\"Szacowany czas czytania\" \/>\n\t<meta name=\"twitter:data2\" content=\"1 minuta\" \/>\n<script type=\"application\/ld+json\" class=\"yoast-schema-graph\">{\"@context\":\"https:\/\/schema.org\",\"@graph\":[{\"@type\":\"Article\",\"@id\":\"https:\/\/pppopoczno.pl\/?p=263#article\",\"isPartOf\":{\"@id\":\"https:\/\/pppopoczno.pl\/?p=263\"},\"author\":{\"name\":\"admin\",\"@id\":\"https:\/\/pppopoczno.pl\/#\/schema\/person\/be528a9b182354facc9629bb9c3d792f\"},\"headline\":\"Szkolimy si\u0119 !\",\"datePublished\":\"2022-10-15T10:54:17+00:00\",\"dateModified\":\"2023-02-28T11:58:52+00:00\",\"mainEntityOfPage\":{\"@id\":\"https:\/\/pppopoczno.pl\/?p=263\"},\"wordCount\":75,\"publisher\":{\"@id\":\"https:\/\/pppopoczno.pl\/#organization\"},\"image\":{\"@id\":\"https:\/\/pppopoczno.pl\/?p=263#primaryimage\"},\"thumbnailUrl\":\"http:\/\/pppopoczno.pl\/wp-content\/uploads\/2023\/02\/007-300x225.jpg\",\"articleSection\":[\"G\u0141\u00d3WNA (aktualno\u015bci)\"],\"inLanguage\":\"pl-PL\"},{\"@type\":\"WebPage\",\"@id\":\"https:\/\/pppopoczno.pl\/?p=263\",\"url\":\"https:\/\/pppopoczno.pl\/?p=263\",\"name\":\"Szkolimy si\u0119 ! - Poradnia Psychologiczno-Pedagogiczna w Opocznie z fili\u0105 w Drzewicy\",\"isPartOf\":{\"@id\":\"https:\/\/pppopoczno.pl\/#website\"},\"primaryImageOfPage\":{\"@id\":\"https:\/\/pppopoczno.pl\/?p=263#primaryimage\"},\"image\":{\"@id\":\"https:\/\/pppopoczno.pl\/?p=263#primaryimage\"},\"thumbnailUrl\":\"http:\/\/pppopoczno.pl\/wp-content\/uploads\/2023\/02\/007-300x225.jpg\",\"datePublished\":\"2022-10-15T10:54:17+00:00\",\"dateModified\":\"2023-02-28T11:58:52+00:00\",\"inLanguage\":\"pl-PL\",\"potentialAction\":[{\"@type\":\"ReadAction\",\"target\":[\"https:\/\/pppopoczno.pl\/?p=263\"]}]},{\"@type\":\"ImageObject\",\"inLanguage\":\"pl-PL\",\"@id\":\"https:\/\/pppopoczno.pl\/?p=263#primaryimage\",\"url\":\"https:\/\/pppopoczno.pl\/wp-content\/uploads\/2023\/02\/007.jpg\",\"contentUrl\":\"https:\/\/pppopoczno.pl\/wp-content\/uploads\/2023\/02\/007.jpg\",\"width\":960,\"height\":720,\"caption\":\"Opis zdj\u0119cia: Szkolenie pracownik\u00f3w PP-P w Opocznie (\u017ar\u00f3d\u0142o: Powiatowe Centrum Pomocy Rodzinie w Opocznie - profil facebook)\"},{\"@type\":\"WebSite\",\"@id\":\"https:\/\/pppopoczno.pl\/#website\",\"url\":\"https:\/\/pppopoczno.pl\/\",\"name\":\"Poradnia Psychologiczno-Pedagogiczna w Opocznie z fili\u0105 w Drzewicy\",\"description\":\"&quot;Cz\u0142owiek jest tyle wart, ile mo\u017ce da\u0107 drugiemu cz\u0142owiekowi&quot; \u2013 Jan Pawe\u0142 II\",\"publisher\":{\"@id\":\"https:\/\/pppopoczno.pl\/#organization\"},\"potentialAction\":[{\"@type\":\"SearchAction\",\"target\":{\"@type\":\"EntryPoint\",\"urlTemplate\":\"https:\/\/pppopoczno.pl\/?s={search_term_string}\"},\"query-input\":{\"@type\":\"PropertyValueSpecification\",\"valueRequired\":true,\"valueName\":\"search_term_string\"}}],\"inLanguage\":\"pl-PL\"},{\"@type\":\"Organization\",\"@id\":\"https:\/\/pppopoczno.pl\/#organization\",\"name\":\"Poradnia Psychologiczno-Pedagogiczna w Opocznie z fili\u0105 w Drzewicy\",\"url\":\"https:\/\/pppopoczno.pl\/\",\"logo\":{\"@type\":\"ImageObject\",\"inLanguage\":\"pl-PL\",\"@id\":\"https:\/\/pppopoczno.pl\/#\/schema\/logo\/image\/\",\"url\":\"\",\"contentUrl\":\"\",\"caption\":\"Poradnia Psychologiczno-Pedagogiczna w Opocznie z fili\u0105 w Drzewicy\"},\"image\":{\"@id\":\"https:\/\/pppopoczno.pl\/#\/schema\/logo\/image\/\"}},{\"@type\":\"Person\",\"@id\":\"https:\/\/pppopoczno.pl\/#\/schema\/person\/be528a9b182354facc9629bb9c3d792f\",\"name\":\"admin\",\"image\":{\"@type\":\"ImageObject\",\"inLanguage\":\"pl-PL\",\"@id\":\"https:\/\/pppopoczno.pl\/#\/schema\/person\/image\/\",\"url\":\"https:\/\/secure.gravatar.com\/avatar\/417e349a5b751537e909d25725ed2ea5bccc94139a30d2fb92eccb24c091167d?s=96&d=mm&r=g\",\"contentUrl\":\"https:\/\/secure.gravatar.com\/avatar\/417e349a5b751537e909d25725ed2ea5bccc94139a30d2fb92eccb24c091167d?s=96&d=mm&r=g\",\"caption\":\"admin\"},\"sameAs\":[\"http:\/\/pppopoczno.pl\"],\"url\":\"https:\/\/pppopoczno.pl\/?author=1\"}]}<\/script>\n<!-- \/ Yoast SEO plugin. -->","yoast_head_json":{"title":"Szkolimy si\u0119 ! - Poradnia Psychologiczno-Pedagogiczna w Opocznie z fili\u0105 w Drzewicy","robots":{"index":"index","follow":"follow","max-snippet":"max-snippet:-1","max-image-preview":"max-image-preview:large","max-video-preview":"max-video-preview:-1"},"canonical":"https:\/\/pppopoczno.pl\/?p=263","og_locale":"pl_PL","og_type":"article","og_title":"Szkolimy si\u0119 ! - Poradnia Psychologiczno-Pedagogiczna w Opocznie z fili\u0105 w Drzewicy","og_description":"Na zaproszenie Powiatowego Centrum Pomocy Rodzinie w Opocznie, pracownicy Naszej Poradni wzi\u0119li udzia\u0142 w szkoleniu dotycz\u0105cym ustawy o wspieraniu i resocjalizacji nieletnich, kt\u00f3ra wesz\u0142a w \u017cycie z dniem 1 wrze\u015bnia 2022 roku.\u00a0 Spotkanie przeprowadzi\u0142o Wielkopolskie Centrum Profilaktyki Uzale\u017cnie\u0144 i Przemocy.","og_url":"https:\/\/pppopoczno.pl\/?p=263","og_site_name":"Poradnia Psychologiczno-Pedagogiczna w Opocznie z fili\u0105 w Drzewicy","article_published_time":"2022-10-15T10:54:17+00:00","article_modified_time":"2023-02-28T11:58:52+00:00","og_image":[{"url":"http:\/\/pppopoczno.pl\/wp-content\/uploads\/2023\/02\/007-300x225.jpg","type":"","width":"","height":""}],"author":"admin","twitter_card":"summary_large_image","twitter_misc":{"Napisane przez":"admin","Szacowany czas czytania":"1 minuta"},"schema":{"@context":"https:\/\/schema.org","@graph":[{"@type":"Article","@id":"https:\/\/pppopoczno.pl\/?p=263#article","isPartOf":{"@id":"https:\/\/pppopoczno.pl\/?p=263"},"author":{"name":"admin","@id":"https:\/\/pppopoczno.pl\/#\/schema\/person\/be528a9b182354facc9629bb9c3d792f"},"headline":"Szkolimy si\u0119 !","datePublished":"2022-10-15T10:54:17+00:00","dateModified":"2023-02-28T11:58:52+00:00","mainEntityOfPage":{"@id":"https:\/\/pppopoczno.pl\/?p=263"},"wordCount":75,"publisher":{"@id":"https:\/\/pppopoczno.pl\/#organization"},"image":{"@id":"https:\/\/pppopoczno.pl\/?p=263#primaryimage"},"thumbnailUrl":"http:\/\/pppopoczno.pl\/wp-content\/uploads\/2023\/02\/007-300x225.jpg","articleSection":["G\u0141\u00d3WNA (aktualno\u015bci)"],"inLanguage":"pl-PL"},{"@type":"WebPage","@id":"https:\/\/pppopoczno.pl\/?p=263","url":"https:\/\/pppopoczno.pl\/?p=263","name":"Szkolimy si\u0119 ! - Poradnia Psychologiczno-Pedagogiczna w Opocznie z fili\u0105 w Drzewicy","isPartOf":{"@id":"https:\/\/pppopoczno.pl\/#website"},"primaryImageOfPage":{"@id":"https:\/\/pppopoczno.pl\/?p=263#primaryimage"},"image":{"@id":"https:\/\/pppopoczno.pl\/?p=263#primaryimage"},"thumbnailUrl":"http:\/\/pppopoczno.pl\/wp-content\/uploads\/2023\/02\/007-300x225.jpg","datePublished":"2022-10-15T10:54:17+00:00","dateModified":"2023-02-28T11:58:52+00:00","inLanguage":"pl-PL","potentialAction":[{"@type":"ReadAction","target":["https:\/\/pppopoczno.pl\/?p=263"]}]},{"@type":"ImageObject","inLanguage":"pl-PL","@id":"https:\/\/pppopoczno.pl\/?p=263#primaryimage","url":"https:\/\/pppopoczno.pl\/wp-content\/uploads\/2023\/02\/007.jpg","contentUrl":"https:\/\/pppopoczno.pl\/wp-content\/uploads\/2023\/02\/007.jpg","width":960,"height":720,"caption":"Opis zdj\u0119cia: Szkolenie pracownik\u00f3w PP-P w Opocznie (\u017ar\u00f3d\u0142o: Powiatowe Centrum Pomocy Rodzinie w Opocznie - profil facebook)"},{"@type":"WebSite","@id":"https:\/\/pppopoczno.pl\/#website","url":"https:\/\/pppopoczno.pl\/","name":"Poradnia Psychologiczno-Pedagogiczna w Opocznie z fili\u0105 w Drzewicy","description":"&quot;Cz\u0142owiek jest tyle wart, ile mo\u017ce da\u0107 drugiemu cz\u0142owiekowi&quot; \u2013 Jan Pawe\u0142 II","publisher":{"@id":"https:\/\/pppopoczno.pl\/#organization"},"potentialAction":[{"@type":"SearchAction","target":{"@type":"EntryPoint","urlTemplate":"https:\/\/pppopoczno.pl\/?s={search_term_string}"},"query-input":{"@type":"PropertyValueSpecification","valueRequired":true,"valueName":"search_term_string"}}],"inLanguage":"pl-PL"},{"@type":"Organization","@id":"https:\/\/pppopoczno.pl\/#organization","name":"Poradnia Psychologiczno-Pedagogiczna w Opocznie z fili\u0105 w Drzewicy","url":"https:\/\/pppopoczno.pl\/","logo":{"@type":"ImageObject","inLanguage":"pl-PL","@id":"https:\/\/pppopoczno.pl\/#\/schema\/logo\/image\/","url":"","contentUrl":"","caption":"Poradnia Psychologiczno-Pedagogiczna w Opocznie z fili\u0105 w Drzewicy"},"image":{"@id":"https:\/\/pppopoczno.pl\/#\/schema\/logo\/image\/"}},{"@type":"Person","@id":"https:\/\/pppopoczno.pl\/#\/schema\/person\/be528a9b182354facc9629bb9c3d792f","name":"admin","image":{"@type":"ImageObject","inLanguage":"pl-PL","@id":"https:\/\/pppopoczno.pl\/#\/schema\/person\/image\/","url":"https:\/\/secure.gravatar.com\/avatar\/417e349a5b751537e909d25725ed2ea5bccc94139a30d2fb92eccb24c091167d?s=96&d=mm&r=g","contentUrl":"https:\/\/secure.gravatar.com\/avatar\/417e349a5b751537e909d25725ed2ea5bccc94139a30d2fb92eccb24c091167d?s=96&d=mm&r=g","caption":"admin"},"sameAs":["http:\/\/pppopoczno.pl"],"url":"https:\/\/pppopoczno.pl\/?author=1"}]}},"_links":{"self":[{"href":"https:\/\/pppopoczno.pl\/index.php?rest_route=\/wp\/v2\/posts\/263","targetHints":{"allow":["GET"]}}],"collection":[{"href":"https:\/\/pppopoczno.pl\/index.php?rest_route=\/wp\/v2\/posts"}],"about":[{"href":"https:\/\/pppopoczno.pl\/index.php?rest_route=\/wp\/v2\/types\/post"}],"author":[{"embeddable":true,"href":"https:\/\/pppopoczno.pl\/index.php?rest_route=\/wp\/v2\/users\/1"}],"replies":[{"embeddable":true,"href":"https:\/\/pppopoczno.pl\/index.php?rest_route=%2Fwp%2Fv2%2Fcomments&post=263"}],"version-history":[{"count":2,"href":"https:\/\/pppopoczno.pl\/index.php?rest_route=\/wp\/v2\/posts\/263\/revisions"}],"predecessor-version":[{"id":266,"href":"https:\/\/pppopoczno.pl\/index.php?rest_route=\/wp\/v2\/posts\/263\/revisions\/266"}],"wp:attachment":[{"href":"https:\/\/pppopoczno.pl\/index.php?rest_route=%2Fwp%2Fv2%2Fmedia&parent=263"}],"wp:term":[{"taxonomy":"category","embeddable":true,"href":"https:\/\/pppopoczno.pl\/index.php?rest_route=%2Fwp%2Fv2%2Fcategories&post=263"},{"taxonomy":"post_tag","embeddable":true,"href":"https:\/\/pppopoczno.pl\/index.php?rest_route=%2Fwp%2Fv2%2Ftags&post=263"}],"curies":[{"name":"wp","href":"https:\/\/api.w.org\/{rel}","templated":true}]}}