{"id":257,"date":"2023-02-28T12:39:19","date_gmt":"2023-02-28T11:39:19","guid":{"rendered":"http:\/\/pppopoczno.pl\/?p=257"},"modified":"2023-02-28T12:39:19","modified_gmt":"2023-02-28T11:39:19","slug":"indywidualne-formy-wsparcia-dla-rodzicow","status":"publish","type":"post","link":"https:\/\/pppopoczno.pl\/?p=257","title":{"rendered":"Indywidualne formy wsparcia dla rodzic\u00f3w."},"content":{"rendered":"<p>\u2013 Indywidualna pomoc psychologiczna.<\/p>\n<p>\u2013 Pomoc psychologiczna w rozwi\u0105zywaniu problem\u00f3w dziecka w domu i szkole.<\/p>\n<p>\u2013 Konsultacje wychowawcze i rozwojowe.<\/p>\n<p>\u2013 Pomoc psychologiczna i terapeutyczna w obszarze trudno\u015bci rodzica wp\u0142ywaj\u0105cych na funkcjonowanie i rozw\u00f3j dziecka.<\/p>\n<p>\u2013 Interwencja kryzysowa.<\/p>\n<p><strong>Zapisy do specjalist\u00f3w w sekretariacie poradni i\u00a0 pod numerem telefonu:\u00a0 44 741-64-62.<\/strong><\/p>\n","protected":false},"excerpt":{"rendered":"<p>\u2013 Indywidualna pomoc psychologiczna. \u2013 Pomoc psychologiczna w rozwi\u0105zywaniu problem\u00f3w dziecka w domu i szkole. \u2013 Konsultacje wychowawcze i rozwojowe. \u2013 Pomoc psychologiczna i terapeutyczna w obszarze trudno\u015bci rodzica wp\u0142ywaj\u0105cych na funkcjonowanie i rozw\u00f3j dziecka. \u2013 Interwencja kryzysowa. Zapisy do specjalist\u00f3w w sekretariacie poradni i\u00a0 pod numerem telefonu:\u00a0 44 741-64-62.<\/p>\n","protected":false},"author":1,"featured_media":0,"comment_status":"closed","ping_status":"closed","sticky":false,"template":"","format":"standard","meta":{"footnotes":""},"categories":[1],"tags":[],"class_list":["post-257","post","type-post","status-publish","format-standard","hentry","category-dla-rodzicow"],"yoast_head":"<!-- This site is optimized with the Yoast SEO plugin v26.0 - https:\/\/yoast.com\/wordpress\/plugins\/seo\/ -->\n<title>Indywidualne formy wsparcia dla rodzic\u00f3w. - Poradnia Psychologiczno-Pedagogiczna w Opocznie z fili\u0105 w Drzewicy<\/title>\n<meta name=\"robots\" content=\"index, follow, max-snippet:-1, max-image-preview:large, max-video-preview:-1\" \/>\n<link rel=\"canonical\" href=\"https:\/\/pppopoczno.pl\/?p=257\" \/>\n<meta property=\"og:locale\" content=\"pl_PL\" \/>\n<meta property=\"og:type\" content=\"article\" \/>\n<meta property=\"og:title\" content=\"Indywidualne formy wsparcia dla rodzic\u00f3w. - Poradnia Psychologiczno-Pedagogiczna w Opocznie z fili\u0105 w Drzewicy\" \/>\n<meta property=\"og:description\" content=\"\u2013 Indywidualna pomoc psychologiczna. \u2013 Pomoc psychologiczna w rozwi\u0105zywaniu problem\u00f3w dziecka w domu i szkole. \u2013 Konsultacje wychowawcze i rozwojowe. \u2013 Pomoc psychologiczna i terapeutyczna w obszarze trudno\u015bci rodzica wp\u0142ywaj\u0105cych na funkcjonowanie i rozw\u00f3j dziecka. \u2013 Interwencja kryzysowa. Zapisy do specjalist\u00f3w w sekretariacie poradni i\u00a0 pod numerem telefonu:\u00a0 44 741-64-62.\" \/>\n<meta property=\"og:url\" content=\"https:\/\/pppopoczno.pl\/?p=257\" \/>\n<meta property=\"og:site_name\" content=\"Poradnia Psychologiczno-Pedagogiczna w Opocznie z fili\u0105 w Drzewicy\" \/>\n<meta property=\"article:published_time\" content=\"2023-02-28T11:39:19+00:00\" \/>\n<meta name=\"author\" content=\"admin\" \/>\n<meta name=\"twitter:card\" content=\"summary_large_image\" \/>\n<meta name=\"twitter:label1\" content=\"Napisane przez\" \/>\n\t<meta name=\"twitter:data1\" content=\"admin\" \/>\n\t<meta name=\"twitter:label2\" content=\"Szacowany czas czytania\" \/>\n\t<meta name=\"twitter:data2\" content=\"1 minuta\" \/>\n<script type=\"application\/ld+json\" class=\"yoast-schema-graph\">{\"@context\":\"https:\/\/schema.org\",\"@graph\":[{\"@type\":\"Article\",\"@id\":\"https:\/\/pppopoczno.pl\/?p=257#article\",\"isPartOf\":{\"@id\":\"https:\/\/pppopoczno.pl\/?p=257\"},\"author\":{\"name\":\"admin\",\"@id\":\"https:\/\/pppopoczno.pl\/#\/schema\/person\/be528a9b182354facc9629bb9c3d792f\"},\"headline\":\"Indywidualne formy wsparcia dla rodzic\u00f3w.\",\"datePublished\":\"2023-02-28T11:39:19+00:00\",\"mainEntityOfPage\":{\"@id\":\"https:\/\/pppopoczno.pl\/?p=257\"},\"wordCount\":58,\"publisher\":{\"@id\":\"https:\/\/pppopoczno.pl\/#organization\"},\"articleSection\":[\"DLA RODZIC\u00d3W\"],\"inLanguage\":\"pl-PL\"},{\"@type\":\"WebPage\",\"@id\":\"https:\/\/pppopoczno.pl\/?p=257\",\"url\":\"https:\/\/pppopoczno.pl\/?p=257\",\"name\":\"Indywidualne formy wsparcia dla rodzic\u00f3w. - Poradnia Psychologiczno-Pedagogiczna w Opocznie z fili\u0105 w Drzewicy\",\"isPartOf\":{\"@id\":\"https:\/\/pppopoczno.pl\/#website\"},\"datePublished\":\"2023-02-28T11:39:19+00:00\",\"inLanguage\":\"pl-PL\",\"potentialAction\":[{\"@type\":\"ReadAction\",\"target\":[\"https:\/\/pppopoczno.pl\/?p=257\"]}]},{\"@type\":\"WebSite\",\"@id\":\"https:\/\/pppopoczno.pl\/#website\",\"url\":\"https:\/\/pppopoczno.pl\/\",\"name\":\"Poradnia Psychologiczno-Pedagogiczna w Opocznie z fili\u0105 w Drzewicy\",\"description\":\"&quot;Cz\u0142owiek jest tyle wart, ile mo\u017ce da\u0107 drugiemu cz\u0142owiekowi&quot; \u2013 Jan Pawe\u0142 II\",\"publisher\":{\"@id\":\"https:\/\/pppopoczno.pl\/#organization\"},\"potentialAction\":[{\"@type\":\"SearchAction\",\"target\":{\"@type\":\"EntryPoint\",\"urlTemplate\":\"https:\/\/pppopoczno.pl\/?s={search_term_string}\"},\"query-input\":{\"@type\":\"PropertyValueSpecification\",\"valueRequired\":true,\"valueName\":\"search_term_string\"}}],\"inLanguage\":\"pl-PL\"},{\"@type\":\"Organization\",\"@id\":\"https:\/\/pppopoczno.pl\/#organization\",\"name\":\"Poradnia Psychologiczno-Pedagogiczna w Opocznie z fili\u0105 w Drzewicy\",\"url\":\"https:\/\/pppopoczno.pl\/\",\"logo\":{\"@type\":\"ImageObject\",\"inLanguage\":\"pl-PL\",\"@id\":\"https:\/\/pppopoczno.pl\/#\/schema\/logo\/image\/\",\"url\":\"\",\"contentUrl\":\"\",\"caption\":\"Poradnia Psychologiczno-Pedagogiczna w Opocznie z fili\u0105 w Drzewicy\"},\"image\":{\"@id\":\"https:\/\/pppopoczno.pl\/#\/schema\/logo\/image\/\"}},{\"@type\":\"Person\",\"@id\":\"https:\/\/pppopoczno.pl\/#\/schema\/person\/be528a9b182354facc9629bb9c3d792f\",\"name\":\"admin\",\"image\":{\"@type\":\"ImageObject\",\"inLanguage\":\"pl-PL\",\"@id\":\"https:\/\/pppopoczno.pl\/#\/schema\/person\/image\/\",\"url\":\"https:\/\/secure.gravatar.com\/avatar\/417e349a5b751537e909d25725ed2ea5bccc94139a30d2fb92eccb24c091167d?s=96&d=mm&r=g\",\"contentUrl\":\"https:\/\/secure.gravatar.com\/avatar\/417e349a5b751537e909d25725ed2ea5bccc94139a30d2fb92eccb24c091167d?s=96&d=mm&r=g\",\"caption\":\"admin\"},\"sameAs\":[\"http:\/\/pppopoczno.pl\"],\"url\":\"https:\/\/pppopoczno.pl\/?author=1\"}]}<\/script>\n<!-- \/ Yoast SEO plugin. -->","yoast_head_json":{"title":"Indywidualne formy wsparcia dla rodzic\u00f3w. - Poradnia Psychologiczno-Pedagogiczna w Opocznie z fili\u0105 w Drzewicy","robots":{"index":"index","follow":"follow","max-snippet":"max-snippet:-1","max-image-preview":"max-image-preview:large","max-video-preview":"max-video-preview:-1"},"canonical":"https:\/\/pppopoczno.pl\/?p=257","og_locale":"pl_PL","og_type":"article","og_title":"Indywidualne formy wsparcia dla rodzic\u00f3w. - Poradnia Psychologiczno-Pedagogiczna w Opocznie z fili\u0105 w Drzewicy","og_description":"\u2013 Indywidualna pomoc psychologiczna. \u2013 Pomoc psychologiczna w rozwi\u0105zywaniu problem\u00f3w dziecka w domu i szkole. \u2013 Konsultacje wychowawcze i rozwojowe. \u2013 Pomoc psychologiczna i terapeutyczna w obszarze trudno\u015bci rodzica wp\u0142ywaj\u0105cych na funkcjonowanie i rozw\u00f3j dziecka. \u2013 Interwencja kryzysowa. Zapisy do specjalist\u00f3w w sekretariacie poradni i\u00a0 pod numerem telefonu:\u00a0 44 741-64-62.","og_url":"https:\/\/pppopoczno.pl\/?p=257","og_site_name":"Poradnia Psychologiczno-Pedagogiczna w Opocznie z fili\u0105 w Drzewicy","article_published_time":"2023-02-28T11:39:19+00:00","author":"admin","twitter_card":"summary_large_image","twitter_misc":{"Napisane przez":"admin","Szacowany czas czytania":"1 minuta"},"schema":{"@context":"https:\/\/schema.org","@graph":[{"@type":"Article","@id":"https:\/\/pppopoczno.pl\/?p=257#article","isPartOf":{"@id":"https:\/\/pppopoczno.pl\/?p=257"},"author":{"name":"admin","@id":"https:\/\/pppopoczno.pl\/#\/schema\/person\/be528a9b182354facc9629bb9c3d792f"},"headline":"Indywidualne formy wsparcia dla rodzic\u00f3w.","datePublished":"2023-02-28T11:39:19+00:00","mainEntityOfPage":{"@id":"https:\/\/pppopoczno.pl\/?p=257"},"wordCount":58,"publisher":{"@id":"https:\/\/pppopoczno.pl\/#organization"},"articleSection":["DLA RODZIC\u00d3W"],"inLanguage":"pl-PL"},{"@type":"WebPage","@id":"https:\/\/pppopoczno.pl\/?p=257","url":"https:\/\/pppopoczno.pl\/?p=257","name":"Indywidualne formy wsparcia dla rodzic\u00f3w. - Poradnia Psychologiczno-Pedagogiczna w Opocznie z fili\u0105 w Drzewicy","isPartOf":{"@id":"https:\/\/pppopoczno.pl\/#website"},"datePublished":"2023-02-28T11:39:19+00:00","inLanguage":"pl-PL","potentialAction":[{"@type":"ReadAction","target":["https:\/\/pppopoczno.pl\/?p=257"]}]},{"@type":"WebSite","@id":"https:\/\/pppopoczno.pl\/#website","url":"https:\/\/pppopoczno.pl\/","name":"Poradnia Psychologiczno-Pedagogiczna w Opocznie z fili\u0105 w Drzewicy","description":"&quot;Cz\u0142owiek jest tyle wart, ile mo\u017ce da\u0107 drugiemu cz\u0142owiekowi&quot; \u2013 Jan Pawe\u0142 II","publisher":{"@id":"https:\/\/pppopoczno.pl\/#organization"},"potentialAction":[{"@type":"SearchAction","target":{"@type":"EntryPoint","urlTemplate":"https:\/\/pppopoczno.pl\/?s={search_term_string}"},"query-input":{"@type":"PropertyValueSpecification","valueRequired":true,"valueName":"search_term_string"}}],"inLanguage":"pl-PL"},{"@type":"Organization","@id":"https:\/\/pppopoczno.pl\/#organization","name":"Poradnia Psychologiczno-Pedagogiczna w Opocznie z fili\u0105 w Drzewicy","url":"https:\/\/pppopoczno.pl\/","logo":{"@type":"ImageObject","inLanguage":"pl-PL","@id":"https:\/\/pppopoczno.pl\/#\/schema\/logo\/image\/","url":"","contentUrl":"","caption":"Poradnia Psychologiczno-Pedagogiczna w Opocznie z fili\u0105 w Drzewicy"},"image":{"@id":"https:\/\/pppopoczno.pl\/#\/schema\/logo\/image\/"}},{"@type":"Person","@id":"https:\/\/pppopoczno.pl\/#\/schema\/person\/be528a9b182354facc9629bb9c3d792f","name":"admin","image":{"@type":"ImageObject","inLanguage":"pl-PL","@id":"https:\/\/pppopoczno.pl\/#\/schema\/person\/image\/","url":"https:\/\/secure.gravatar.com\/avatar\/417e349a5b751537e909d25725ed2ea5bccc94139a30d2fb92eccb24c091167d?s=96&d=mm&r=g","contentUrl":"https:\/\/secure.gravatar.com\/avatar\/417e349a5b751537e909d25725ed2ea5bccc94139a30d2fb92eccb24c091167d?s=96&d=mm&r=g","caption":"admin"},"sameAs":["http:\/\/pppopoczno.pl"],"url":"https:\/\/pppopoczno.pl\/?author=1"}]}},"_links":{"self":[{"href":"https:\/\/pppopoczno.pl\/index.php?rest_route=\/wp\/v2\/posts\/257","targetHints":{"allow":["GET"]}}],"collection":[{"href":"https:\/\/pppopoczno.pl\/index.php?rest_route=\/wp\/v2\/posts"}],"about":[{"href":"https:\/\/pppopoczno.pl\/index.php?rest_route=\/wp\/v2\/types\/post"}],"author":[{"embeddable":true,"href":"https:\/\/pppopoczno.pl\/index.php?rest_route=\/wp\/v2\/users\/1"}],"replies":[{"embeddable":true,"href":"https:\/\/pppopoczno.pl\/index.php?rest_route=%2Fwp%2Fv2%2Fcomments&post=257"}],"version-history":[{"count":1,"href":"https:\/\/pppopoczno.pl\/index.php?rest_route=\/wp\/v2\/posts\/257\/revisions"}],"predecessor-version":[{"id":258,"href":"https:\/\/pppopoczno.pl\/index.php?rest_route=\/wp\/v2\/posts\/257\/revisions\/258"}],"wp:attachment":[{"href":"https:\/\/pppopoczno.pl\/index.php?rest_route=%2Fwp%2Fv2%2Fmedia&parent=257"}],"wp:term":[{"taxonomy":"category","embeddable":true,"href":"https:\/\/pppopoczno.pl\/index.php?rest_route=%2Fwp%2Fv2%2Fcategories&post=257"},{"taxonomy":"post_tag","embeddable":true,"href":"https:\/\/pppopoczno.pl\/index.php?rest_route=%2Fwp%2Fv2%2Ftags&post=257"}],"curies":[{"name":"wp","href":"https:\/\/api.w.org\/{rel}","templated":true}]}}