{"id":252,"date":"2022-10-15T12:22:28","date_gmt":"2022-10-15T10:22:28","guid":{"rendered":"http:\/\/pppopoczno.pl\/?p=252"},"modified":"2023-02-28T12:58:03","modified_gmt":"2023-02-28T11:58:03","slug":"dzien-nauczyciela-2022","status":"publish","type":"post","link":"https:\/\/pppopoczno.pl\/?p=252","title":{"rendered":"Dzie\u0144 Nauczyciela 2022 !"},"content":{"rendered":"<p>Z okazji Dnia Komisji Edukacji Narodowej zosta\u0142y wr\u0119czone nagrody Dyrektora Poradni Psychologiczno-Pedagogicznej w Opocznie i Starosty Powiatu Opoczy\u0144skiego.<!--more--><\/p>\n<figure id=\"attachment_253\" aria-describedby=\"caption-attachment-253\" style=\"width: 300px\" class=\"wp-caption aligncenter\"><img fetchpriority=\"high\" decoding=\"async\" class=\"wp-image-253 size-medium\" src=\"https:\/\/pppopoczno.pl\/wp-content\/uploads\/2023\/02\/003-300x200.jpg\" alt=\"Opis zdj\u0119cia: Dzie\u0144 Nauczyciela 2022 - \u017ar\u00f3d\u0142o PPP w Opocznie\" width=\"300\" height=\"200\" srcset=\"https:\/\/pppopoczno.pl\/wp-content\/uploads\/2023\/02\/003-300x200.jpg 300w, https:\/\/pppopoczno.pl\/wp-content\/uploads\/2023\/02\/003-1024x683.jpg 1024w, https:\/\/pppopoczno.pl\/wp-content\/uploads\/2023\/02\/003-768x512.jpg 768w, https:\/\/pppopoczno.pl\/wp-content\/uploads\/2023\/02\/003.jpg 1386w\" sizes=\"(max-width: 300px) 100vw, 300px\" \/><figcaption id=\"caption-attachment-253\" class=\"wp-caption-text\">Opis zdj\u0119cia: Dzie\u0144 Nauczyciela 2022 &#8211; \u017ar\u00f3d\u0142o PPP w Opocznie<\/figcaption><\/figure>\n<p>Nagrody Dyrektora PPP uzyska\u0142y (kolejno od lewej): Alina Minkina &#8211; logopeda, Monika Szwagrzyk pedagog, Kaja Kurkowska-Pacan-psycholog, Marianna Gruszczy\u0144ska &#8211; pracownik administracji, Bo\u017cena Wiatrowska &#8211; pracownik obs\u0142ugi<\/p>\n<figure id=\"attachment_254\" aria-describedby=\"caption-attachment-254\" style=\"width: 289px\" class=\"wp-caption aligncenter\"><img decoding=\"async\" class=\"size-medium wp-image-254\" src=\"https:\/\/pppopoczno.pl\/wp-content\/uploads\/2023\/02\/004-289x300.jpg\" alt=\"Opis zdj\u0119cia: Dzie\u0144 Nauczyciela 2022 - \u017ar\u00f3d\u0142o PPP w Opocznie\" width=\"289\" height=\"300\" srcset=\"https:\/\/pppopoczno.pl\/wp-content\/uploads\/2023\/02\/004-289x300.jpg 289w, https:\/\/pppopoczno.pl\/wp-content\/uploads\/2023\/02\/004-768x798.jpg 768w, https:\/\/pppopoczno.pl\/wp-content\/uploads\/2023\/02\/004.jpg 812w\" sizes=\"(max-width: 289px) 100vw, 289px\" \/><figcaption id=\"caption-attachment-254\" class=\"wp-caption-text\">Opis zdj\u0119cia: Dzie\u0144 Nauczyciela 2022 &#8211; \u017ar\u00f3d\u0142o PPP w Opocznie<\/figcaption><\/figure>\n<p>Nagrod\u0119 Starosty Powiatu Opoczy\u0144skiego otrzyma\u0142a Monika Madej \u2013 psycholog z filii PPP w Drzewicy.<\/p>\n<figure id=\"attachment_255\" aria-describedby=\"caption-attachment-255\" style=\"width: 215px\" class=\"wp-caption aligncenter\"><img decoding=\"async\" class=\"size-medium wp-image-255\" src=\"https:\/\/pppopoczno.pl\/wp-content\/uploads\/2023\/02\/005-215x300.jpg\" alt=\"Opis zdj\u0119cia: Dzie\u0144 Nauczyciela 2022 - \u017ar\u00f3d\u0142o PPP w Opocznie\" width=\"215\" height=\"300\" srcset=\"https:\/\/pppopoczno.pl\/wp-content\/uploads\/2023\/02\/005-215x300.jpg 215w, https:\/\/pppopoczno.pl\/wp-content\/uploads\/2023\/02\/005-734x1024.jpg 734w, https:\/\/pppopoczno.pl\/wp-content\/uploads\/2023\/02\/005-768x1071.jpg 768w, https:\/\/pppopoczno.pl\/wp-content\/uploads\/2023\/02\/005.jpg 994w\" sizes=\"(max-width: 215px) 100vw, 215px\" \/><figcaption id=\"caption-attachment-255\" class=\"wp-caption-text\">Opis zdj\u0119cia: Dzie\u0144 Nauczyciela 2022 &#8211; \u017ar\u00f3d\u0142o PPP w Opocznie<\/figcaption><\/figure>\n<p>Gratulacje z tytu\u0142u uzyskania nagrody \u0141\u00f3dzkiego Kuratora O\u015bwiaty zosta\u0142y przekazane, od w\u0142adz Powiatu Opoczy\u0144skiego, kole\u017cance Renacie Jach.<\/p>\n","protected":false},"excerpt":{"rendered":"<p>Z okazji Dnia Komisji Edukacji Narodowej zosta\u0142y wr\u0119czone nagrody Dyrektora Poradni Psychologiczno-Pedagogicznej w Opocznie i Starosty Powiatu Opoczy\u0144skiego.<\/p>\n","protected":false},"author":1,"featured_media":0,"comment_status":"closed","ping_status":"closed","sticky":false,"template":"","format":"standard","meta":{"footnotes":""},"categories":[4],"tags":[],"class_list":["post-252","post","type-post","status-publish","format-standard","hentry","category-glowna-aktualnosci"],"yoast_head":"<!-- This site is optimized with the Yoast SEO plugin v26.0 - https:\/\/yoast.com\/wordpress\/plugins\/seo\/ -->\n<title>Dzie\u0144 Nauczyciela 2022 ! - Poradnia Psychologiczno-Pedagogiczna w Opocznie z fili\u0105 w Drzewicy<\/title>\n<meta name=\"robots\" content=\"index, follow, max-snippet:-1, max-image-preview:large, max-video-preview:-1\" \/>\n<link rel=\"canonical\" href=\"https:\/\/pppopoczno.pl\/?p=252\" \/>\n<meta property=\"og:locale\" content=\"pl_PL\" \/>\n<meta property=\"og:type\" content=\"article\" \/>\n<meta property=\"og:title\" content=\"Dzie\u0144 Nauczyciela 2022 ! - Poradnia Psychologiczno-Pedagogiczna w Opocznie z fili\u0105 w Drzewicy\" \/>\n<meta property=\"og:description\" content=\"Z okazji Dnia Komisji Edukacji Narodowej zosta\u0142y wr\u0119czone nagrody Dyrektora Poradni Psychologiczno-Pedagogicznej w Opocznie i Starosty Powiatu Opoczy\u0144skiego.\" \/>\n<meta property=\"og:url\" content=\"https:\/\/pppopoczno.pl\/?p=252\" \/>\n<meta property=\"og:site_name\" content=\"Poradnia Psychologiczno-Pedagogiczna w Opocznie z fili\u0105 w Drzewicy\" \/>\n<meta property=\"article:published_time\" content=\"2022-10-15T10:22:28+00:00\" \/>\n<meta property=\"article:modified_time\" content=\"2023-02-28T11:58:03+00:00\" \/>\n<meta property=\"og:image\" content=\"http:\/\/pppopoczno.pl\/wp-content\/uploads\/2023\/02\/003-300x200.jpg\" \/>\n<meta name=\"author\" content=\"admin\" \/>\n<meta name=\"twitter:card\" content=\"summary_large_image\" \/>\n<meta name=\"twitter:label1\" content=\"Napisane przez\" \/>\n\t<meta name=\"twitter:data1\" content=\"admin\" \/>\n\t<meta name=\"twitter:label2\" content=\"Szacowany czas czytania\" \/>\n\t<meta name=\"twitter:data2\" content=\"2 minuty\" \/>\n<script type=\"application\/ld+json\" class=\"yoast-schema-graph\">{\"@context\":\"https:\/\/schema.org\",\"@graph\":[{\"@type\":\"Article\",\"@id\":\"https:\/\/pppopoczno.pl\/?p=252#article\",\"isPartOf\":{\"@id\":\"https:\/\/pppopoczno.pl\/?p=252\"},\"author\":{\"name\":\"admin\",\"@id\":\"https:\/\/pppopoczno.pl\/#\/schema\/person\/be528a9b182354facc9629bb9c3d792f\"},\"headline\":\"Dzie\u0144 Nauczyciela 2022 !\",\"datePublished\":\"2022-10-15T10:22:28+00:00\",\"dateModified\":\"2023-02-28T11:58:03+00:00\",\"mainEntityOfPage\":{\"@id\":\"https:\/\/pppopoczno.pl\/?p=252\"},\"wordCount\":148,\"publisher\":{\"@id\":\"https:\/\/pppopoczno.pl\/#organization\"},\"image\":{\"@id\":\"https:\/\/pppopoczno.pl\/?p=252#primaryimage\"},\"thumbnailUrl\":\"http:\/\/pppopoczno.pl\/wp-content\/uploads\/2023\/02\/003-300x200.jpg\",\"articleSection\":[\"G\u0141\u00d3WNA (aktualno\u015bci)\"],\"inLanguage\":\"pl-PL\"},{\"@type\":\"WebPage\",\"@id\":\"https:\/\/pppopoczno.pl\/?p=252\",\"url\":\"https:\/\/pppopoczno.pl\/?p=252\",\"name\":\"Dzie\u0144 Nauczyciela 2022 ! - Poradnia Psychologiczno-Pedagogiczna w Opocznie z fili\u0105 w Drzewicy\",\"isPartOf\":{\"@id\":\"https:\/\/pppopoczno.pl\/#website\"},\"primaryImageOfPage\":{\"@id\":\"https:\/\/pppopoczno.pl\/?p=252#primaryimage\"},\"image\":{\"@id\":\"https:\/\/pppopoczno.pl\/?p=252#primaryimage\"},\"thumbnailUrl\":\"http:\/\/pppopoczno.pl\/wp-content\/uploads\/2023\/02\/003-300x200.jpg\",\"datePublished\":\"2022-10-15T10:22:28+00:00\",\"dateModified\":\"2023-02-28T11:58:03+00:00\",\"inLanguage\":\"pl-PL\",\"potentialAction\":[{\"@type\":\"ReadAction\",\"target\":[\"https:\/\/pppopoczno.pl\/?p=252\"]}]},{\"@type\":\"ImageObject\",\"inLanguage\":\"pl-PL\",\"@id\":\"https:\/\/pppopoczno.pl\/?p=252#primaryimage\",\"url\":\"https:\/\/pppopoczno.pl\/wp-content\/uploads\/2023\/02\/003.jpg\",\"contentUrl\":\"https:\/\/pppopoczno.pl\/wp-content\/uploads\/2023\/02\/003.jpg\",\"width\":1386,\"height\":924,\"caption\":\"Opis zdj\u0119cia: Dzie\u0144 Nauczyciela 2022 - \u017ar\u00f3d\u0142o PPP w Opocznie\"},{\"@type\":\"WebSite\",\"@id\":\"https:\/\/pppopoczno.pl\/#website\",\"url\":\"https:\/\/pppopoczno.pl\/\",\"name\":\"Poradnia Psychologiczno-Pedagogiczna w Opocznie z fili\u0105 w Drzewicy\",\"description\":\"&quot;Cz\u0142owiek jest tyle wart, ile mo\u017ce da\u0107 drugiemu cz\u0142owiekowi&quot; \u2013 Jan Pawe\u0142 II\",\"publisher\":{\"@id\":\"https:\/\/pppopoczno.pl\/#organization\"},\"potentialAction\":[{\"@type\":\"SearchAction\",\"target\":{\"@type\":\"EntryPoint\",\"urlTemplate\":\"https:\/\/pppopoczno.pl\/?s={search_term_string}\"},\"query-input\":{\"@type\":\"PropertyValueSpecification\",\"valueRequired\":true,\"valueName\":\"search_term_string\"}}],\"inLanguage\":\"pl-PL\"},{\"@type\":\"Organization\",\"@id\":\"https:\/\/pppopoczno.pl\/#organization\",\"name\":\"Poradnia Psychologiczno-Pedagogiczna w Opocznie z fili\u0105 w Drzewicy\",\"url\":\"https:\/\/pppopoczno.pl\/\",\"logo\":{\"@type\":\"ImageObject\",\"inLanguage\":\"pl-PL\",\"@id\":\"https:\/\/pppopoczno.pl\/#\/schema\/logo\/image\/\",\"url\":\"\",\"contentUrl\":\"\",\"caption\":\"Poradnia Psychologiczno-Pedagogiczna w Opocznie z fili\u0105 w Drzewicy\"},\"image\":{\"@id\":\"https:\/\/pppopoczno.pl\/#\/schema\/logo\/image\/\"}},{\"@type\":\"Person\",\"@id\":\"https:\/\/pppopoczno.pl\/#\/schema\/person\/be528a9b182354facc9629bb9c3d792f\",\"name\":\"admin\",\"image\":{\"@type\":\"ImageObject\",\"inLanguage\":\"pl-PL\",\"@id\":\"https:\/\/pppopoczno.pl\/#\/schema\/person\/image\/\",\"url\":\"https:\/\/secure.gravatar.com\/avatar\/417e349a5b751537e909d25725ed2ea5bccc94139a30d2fb92eccb24c091167d?s=96&d=mm&r=g\",\"contentUrl\":\"https:\/\/secure.gravatar.com\/avatar\/417e349a5b751537e909d25725ed2ea5bccc94139a30d2fb92eccb24c091167d?s=96&d=mm&r=g\",\"caption\":\"admin\"},\"sameAs\":[\"http:\/\/pppopoczno.pl\"],\"url\":\"https:\/\/pppopoczno.pl\/?author=1\"}]}<\/script>\n<!-- \/ Yoast SEO plugin. -->","yoast_head_json":{"title":"Dzie\u0144 Nauczyciela 2022 ! - Poradnia Psychologiczno-Pedagogiczna w Opocznie z fili\u0105 w Drzewicy","robots":{"index":"index","follow":"follow","max-snippet":"max-snippet:-1","max-image-preview":"max-image-preview:large","max-video-preview":"max-video-preview:-1"},"canonical":"https:\/\/pppopoczno.pl\/?p=252","og_locale":"pl_PL","og_type":"article","og_title":"Dzie\u0144 Nauczyciela 2022 ! - Poradnia Psychologiczno-Pedagogiczna w Opocznie z fili\u0105 w Drzewicy","og_description":"Z okazji Dnia Komisji Edukacji Narodowej zosta\u0142y wr\u0119czone nagrody Dyrektora Poradni Psychologiczno-Pedagogicznej w Opocznie i Starosty Powiatu Opoczy\u0144skiego.","og_url":"https:\/\/pppopoczno.pl\/?p=252","og_site_name":"Poradnia Psychologiczno-Pedagogiczna w Opocznie z fili\u0105 w Drzewicy","article_published_time":"2022-10-15T10:22:28+00:00","article_modified_time":"2023-02-28T11:58:03+00:00","og_image":[{"url":"http:\/\/pppopoczno.pl\/wp-content\/uploads\/2023\/02\/003-300x200.jpg","type":"","width":"","height":""}],"author":"admin","twitter_card":"summary_large_image","twitter_misc":{"Napisane przez":"admin","Szacowany czas czytania":"2 minuty"},"schema":{"@context":"https:\/\/schema.org","@graph":[{"@type":"Article","@id":"https:\/\/pppopoczno.pl\/?p=252#article","isPartOf":{"@id":"https:\/\/pppopoczno.pl\/?p=252"},"author":{"name":"admin","@id":"https:\/\/pppopoczno.pl\/#\/schema\/person\/be528a9b182354facc9629bb9c3d792f"},"headline":"Dzie\u0144 Nauczyciela 2022 !","datePublished":"2022-10-15T10:22:28+00:00","dateModified":"2023-02-28T11:58:03+00:00","mainEntityOfPage":{"@id":"https:\/\/pppopoczno.pl\/?p=252"},"wordCount":148,"publisher":{"@id":"https:\/\/pppopoczno.pl\/#organization"},"image":{"@id":"https:\/\/pppopoczno.pl\/?p=252#primaryimage"},"thumbnailUrl":"http:\/\/pppopoczno.pl\/wp-content\/uploads\/2023\/02\/003-300x200.jpg","articleSection":["G\u0141\u00d3WNA (aktualno\u015bci)"],"inLanguage":"pl-PL"},{"@type":"WebPage","@id":"https:\/\/pppopoczno.pl\/?p=252","url":"https:\/\/pppopoczno.pl\/?p=252","name":"Dzie\u0144 Nauczyciela 2022 ! - Poradnia Psychologiczno-Pedagogiczna w Opocznie z fili\u0105 w Drzewicy","isPartOf":{"@id":"https:\/\/pppopoczno.pl\/#website"},"primaryImageOfPage":{"@id":"https:\/\/pppopoczno.pl\/?p=252#primaryimage"},"image":{"@id":"https:\/\/pppopoczno.pl\/?p=252#primaryimage"},"thumbnailUrl":"http:\/\/pppopoczno.pl\/wp-content\/uploads\/2023\/02\/003-300x200.jpg","datePublished":"2022-10-15T10:22:28+00:00","dateModified":"2023-02-28T11:58:03+00:00","inLanguage":"pl-PL","potentialAction":[{"@type":"ReadAction","target":["https:\/\/pppopoczno.pl\/?p=252"]}]},{"@type":"ImageObject","inLanguage":"pl-PL","@id":"https:\/\/pppopoczno.pl\/?p=252#primaryimage","url":"https:\/\/pppopoczno.pl\/wp-content\/uploads\/2023\/02\/003.jpg","contentUrl":"https:\/\/pppopoczno.pl\/wp-content\/uploads\/2023\/02\/003.jpg","width":1386,"height":924,"caption":"Opis zdj\u0119cia: Dzie\u0144 Nauczyciela 2022 - \u017ar\u00f3d\u0142o PPP w Opocznie"},{"@type":"WebSite","@id":"https:\/\/pppopoczno.pl\/#website","url":"https:\/\/pppopoczno.pl\/","name":"Poradnia Psychologiczno-Pedagogiczna w Opocznie z fili\u0105 w Drzewicy","description":"&quot;Cz\u0142owiek jest tyle wart, ile mo\u017ce da\u0107 drugiemu cz\u0142owiekowi&quot; \u2013 Jan Pawe\u0142 II","publisher":{"@id":"https:\/\/pppopoczno.pl\/#organization"},"potentialAction":[{"@type":"SearchAction","target":{"@type":"EntryPoint","urlTemplate":"https:\/\/pppopoczno.pl\/?s={search_term_string}"},"query-input":{"@type":"PropertyValueSpecification","valueRequired":true,"valueName":"search_term_string"}}],"inLanguage":"pl-PL"},{"@type":"Organization","@id":"https:\/\/pppopoczno.pl\/#organization","name":"Poradnia Psychologiczno-Pedagogiczna w Opocznie z fili\u0105 w Drzewicy","url":"https:\/\/pppopoczno.pl\/","logo":{"@type":"ImageObject","inLanguage":"pl-PL","@id":"https:\/\/pppopoczno.pl\/#\/schema\/logo\/image\/","url":"","contentUrl":"","caption":"Poradnia Psychologiczno-Pedagogiczna w Opocznie z fili\u0105 w Drzewicy"},"image":{"@id":"https:\/\/pppopoczno.pl\/#\/schema\/logo\/image\/"}},{"@type":"Person","@id":"https:\/\/pppopoczno.pl\/#\/schema\/person\/be528a9b182354facc9629bb9c3d792f","name":"admin","image":{"@type":"ImageObject","inLanguage":"pl-PL","@id":"https:\/\/pppopoczno.pl\/#\/schema\/person\/image\/","url":"https:\/\/secure.gravatar.com\/avatar\/417e349a5b751537e909d25725ed2ea5bccc94139a30d2fb92eccb24c091167d?s=96&d=mm&r=g","contentUrl":"https:\/\/secure.gravatar.com\/avatar\/417e349a5b751537e909d25725ed2ea5bccc94139a30d2fb92eccb24c091167d?s=96&d=mm&r=g","caption":"admin"},"sameAs":["http:\/\/pppopoczno.pl"],"url":"https:\/\/pppopoczno.pl\/?author=1"}]}},"_links":{"self":[{"href":"https:\/\/pppopoczno.pl\/index.php?rest_route=\/wp\/v2\/posts\/252","targetHints":{"allow":["GET"]}}],"collection":[{"href":"https:\/\/pppopoczno.pl\/index.php?rest_route=\/wp\/v2\/posts"}],"about":[{"href":"https:\/\/pppopoczno.pl\/index.php?rest_route=\/wp\/v2\/types\/post"}],"author":[{"embeddable":true,"href":"https:\/\/pppopoczno.pl\/index.php?rest_route=\/wp\/v2\/users\/1"}],"replies":[{"embeddable":true,"href":"https:\/\/pppopoczno.pl\/index.php?rest_route=%2Fwp%2Fv2%2Fcomments&post=252"}],"version-history":[{"count":1,"href":"https:\/\/pppopoczno.pl\/index.php?rest_route=\/wp\/v2\/posts\/252\/revisions"}],"predecessor-version":[{"id":256,"href":"https:\/\/pppopoczno.pl\/index.php?rest_route=\/wp\/v2\/posts\/252\/revisions\/256"}],"wp:attachment":[{"href":"https:\/\/pppopoczno.pl\/index.php?rest_route=%2Fwp%2Fv2%2Fmedia&parent=252"}],"wp:term":[{"taxonomy":"category","embeddable":true,"href":"https:\/\/pppopoczno.pl\/index.php?rest_route=%2Fwp%2Fv2%2Fcategories&post=252"},{"taxonomy":"post_tag","embeddable":true,"href":"https:\/\/pppopoczno.pl\/index.php?rest_route=%2Fwp%2Fv2%2Ftags&post=252"}],"curies":[{"name":"wp","href":"https:\/\/api.w.org\/{rel}","templated":true}]}}