{"id":244,"date":"2022-10-15T12:08:58","date_gmt":"2022-10-15T10:08:58","guid":{"rendered":"http:\/\/pppopoczno.pl\/?p=244"},"modified":"2023-02-28T12:58:19","modified_gmt":"2023-02-28T11:58:19","slug":"nagroda-lodzkiego-kuratora-oswiaty","status":"publish","type":"post","link":"https:\/\/pppopoczno.pl\/?p=244","title":{"rendered":"Nagroda \u0141\u00f3dzkiego Kuratora O\u015bwiaty"},"content":{"rendered":"<p>Gratulacje dla <strong>Renaty Jach<\/strong>, psychologa PPP w Opocznie, kt\u00f3ra \u00a0z okazji Dnia Komisji Edukacji Narodowej otrzyma\u0142a nagrod\u0119 \u0141\u00f3dzkiego Kuratora O\u015bwiaty.<!--more--><\/p>\n<div id='gallery-1' class='gallery galleryid-244 gallery-columns-1 gallery-size-medium'><figure class='gallery-item'>\n\t\t\t<div class='gallery-icon portrait'>\n\t\t\t\t<a href='https:\/\/pppopoczno.pl\/?attachment_id=246'><img fetchpriority=\"high\" decoding=\"async\" width=\"249\" height=\"300\" src=\"https:\/\/pppopoczno.pl\/wp-content\/uploads\/2023\/02\/002-249x300.jpg\" class=\"attachment-medium size-medium\" alt=\"Nagroda \u0141\u00f3dzkiego Kuratora O\u015bwiaty dla Pani Renaty Jach - \u017ar\u00f3d\u0142o: PPP w Opocznie\" aria-describedby=\"gallery-1-246\" srcset=\"https:\/\/pppopoczno.pl\/wp-content\/uploads\/2023\/02\/002-249x300.jpg 249w, https:\/\/pppopoczno.pl\/wp-content\/uploads\/2023\/02\/002.jpg 762w\" sizes=\"(max-width: 249px) 100vw, 249px\" \/><\/a>\n\t\t\t<\/div>\n\t\t\t\t<figcaption class='wp-caption-text gallery-caption' id='gallery-1-246'>\n\t\t\t\tNagroda \u0141\u00f3dzkiego Kuratora O\u015bwiaty dla Pani Renaty Jach &#8211; \u017ar\u00f3d\u0142o: PPP w Opocznie\n\t\t\t\t<\/figcaption><\/figure><figure class='gallery-item'>\n\t\t\t<div class='gallery-icon portrait'>\n\t\t\t\t<a href='https:\/\/pppopoczno.pl\/?attachment_id=245'><img decoding=\"async\" width=\"280\" height=\"300\" src=\"https:\/\/pppopoczno.pl\/wp-content\/uploads\/2023\/02\/01-280x300.jpg\" class=\"attachment-medium size-medium\" alt=\"Nagroda \u0141\u00f3dzkiego Kuratora O\u015bwiaty dla Pani Renaty Jach - \u017ar\u00f3d\u0142o: PPP w Opocznie\" aria-describedby=\"gallery-1-245\" srcset=\"https:\/\/pppopoczno.pl\/wp-content\/uploads\/2023\/02\/01-280x300.jpg 280w, https:\/\/pppopoczno.pl\/wp-content\/uploads\/2023\/02\/01.jpg 759w\" sizes=\"(max-width: 280px) 100vw, 280px\" \/><\/a>\n\t\t\t<\/div>\n\t\t\t\t<figcaption class='wp-caption-text gallery-caption' id='gallery-1-245'>\n\t\t\t\tNagroda \u0141\u00f3dzkiego Kuratora O\u015bwiaty dla Pani Renaty Jach &#8211; \u017ar\u00f3d\u0142o: PPP w Opocznie\n\t\t\t\t<\/figcaption><\/figure>\n\t\t<\/div>\n\n","protected":false},"excerpt":{"rendered":"<p>Gratulacje dla Renaty Jach, psychologa PPP w Opocznie, kt\u00f3ra \u00a0z okazji Dnia Komisji Edukacji Narodowej otrzyma\u0142a nagrod\u0119 \u0141\u00f3dzkiego Kuratora O\u015bwiaty.<\/p>\n","protected":false},"author":1,"featured_media":0,"comment_status":"closed","ping_status":"closed","sticky":false,"template":"","format":"standard","meta":{"footnotes":""},"categories":[4],"tags":[],"class_list":["post-244","post","type-post","status-publish","format-standard","hentry","category-glowna-aktualnosci"],"yoast_head":"<!-- This site is optimized with the Yoast SEO plugin v26.0 - https:\/\/yoast.com\/wordpress\/plugins\/seo\/ -->\n<title>Nagroda \u0141\u00f3dzkiego Kuratora O\u015bwiaty - Poradnia Psychologiczno-Pedagogiczna w Opocznie z fili\u0105 w Drzewicy<\/title>\n<meta name=\"robots\" content=\"index, follow, max-snippet:-1, max-image-preview:large, max-video-preview:-1\" \/>\n<link rel=\"canonical\" href=\"https:\/\/pppopoczno.pl\/?p=244\" \/>\n<meta property=\"og:locale\" content=\"pl_PL\" \/>\n<meta property=\"og:type\" content=\"article\" \/>\n<meta property=\"og:title\" content=\"Nagroda \u0141\u00f3dzkiego Kuratora O\u015bwiaty - Poradnia Psychologiczno-Pedagogiczna w Opocznie z fili\u0105 w Drzewicy\" \/>\n<meta property=\"og:description\" content=\"Gratulacje dla Renaty Jach, psychologa PPP w Opocznie, kt\u00f3ra \u00a0z okazji Dnia Komisji Edukacji Narodowej otrzyma\u0142a nagrod\u0119 \u0141\u00f3dzkiego Kuratora O\u015bwiaty.\" \/>\n<meta property=\"og:url\" content=\"https:\/\/pppopoczno.pl\/?p=244\" \/>\n<meta property=\"og:site_name\" content=\"Poradnia Psychologiczno-Pedagogiczna w Opocznie z fili\u0105 w Drzewicy\" \/>\n<meta property=\"article:published_time\" content=\"2022-10-15T10:08:58+00:00\" \/>\n<meta property=\"article:modified_time\" content=\"2023-02-28T11:58:19+00:00\" \/>\n<meta property=\"og:image\" content=\"https:\/\/pppopoczno.pl\/wp-content\/uploads\/2023\/02\/002-249x300.jpg\" \/>\n<meta name=\"author\" content=\"admin\" \/>\n<meta name=\"twitter:card\" content=\"summary_large_image\" \/>\n<meta name=\"twitter:label1\" content=\"Napisane przez\" \/>\n\t<meta name=\"twitter:data1\" content=\"admin\" \/>\n\t<meta name=\"twitter:label2\" content=\"Szacowany czas czytania\" \/>\n\t<meta name=\"twitter:data2\" content=\"1 minuta\" \/>\n<script type=\"application\/ld+json\" class=\"yoast-schema-graph\">{\"@context\":\"https:\/\/schema.org\",\"@graph\":[{\"@type\":\"Article\",\"@id\":\"https:\/\/pppopoczno.pl\/?p=244#article\",\"isPartOf\":{\"@id\":\"https:\/\/pppopoczno.pl\/?p=244\"},\"author\":{\"name\":\"admin\",\"@id\":\"https:\/\/pppopoczno.pl\/#\/schema\/person\/be528a9b182354facc9629bb9c3d792f\"},\"headline\":\"Nagroda \u0141\u00f3dzkiego Kuratora O\u015bwiaty\",\"datePublished\":\"2022-10-15T10:08:58+00:00\",\"dateModified\":\"2023-02-28T11:58:19+00:00\",\"mainEntityOfPage\":{\"@id\":\"https:\/\/pppopoczno.pl\/?p=244\"},\"wordCount\":33,\"publisher\":{\"@id\":\"https:\/\/pppopoczno.pl\/#organization\"},\"articleSection\":[\"G\u0141\u00d3WNA (aktualno\u015bci)\"],\"inLanguage\":\"pl-PL\"},{\"@type\":\"WebPage\",\"@id\":\"https:\/\/pppopoczno.pl\/?p=244\",\"url\":\"https:\/\/pppopoczno.pl\/?p=244\",\"name\":\"Nagroda \u0141\u00f3dzkiego Kuratora O\u015bwiaty - Poradnia Psychologiczno-Pedagogiczna w Opocznie z fili\u0105 w Drzewicy\",\"isPartOf\":{\"@id\":\"https:\/\/pppopoczno.pl\/#website\"},\"datePublished\":\"2022-10-15T10:08:58+00:00\",\"dateModified\":\"2023-02-28T11:58:19+00:00\",\"inLanguage\":\"pl-PL\",\"potentialAction\":[{\"@type\":\"ReadAction\",\"target\":[\"https:\/\/pppopoczno.pl\/?p=244\"]}]},{\"@type\":\"WebSite\",\"@id\":\"https:\/\/pppopoczno.pl\/#website\",\"url\":\"https:\/\/pppopoczno.pl\/\",\"name\":\"Poradnia Psychologiczno-Pedagogiczna w Opocznie z fili\u0105 w Drzewicy\",\"description\":\"&quot;Cz\u0142owiek jest tyle wart, ile mo\u017ce da\u0107 drugiemu cz\u0142owiekowi&quot; \u2013 Jan Pawe\u0142 II\",\"publisher\":{\"@id\":\"https:\/\/pppopoczno.pl\/#organization\"},\"potentialAction\":[{\"@type\":\"SearchAction\",\"target\":{\"@type\":\"EntryPoint\",\"urlTemplate\":\"https:\/\/pppopoczno.pl\/?s={search_term_string}\"},\"query-input\":{\"@type\":\"PropertyValueSpecification\",\"valueRequired\":true,\"valueName\":\"search_term_string\"}}],\"inLanguage\":\"pl-PL\"},{\"@type\":\"Organization\",\"@id\":\"https:\/\/pppopoczno.pl\/#organization\",\"name\":\"Poradnia Psychologiczno-Pedagogiczna w Opocznie z fili\u0105 w Drzewicy\",\"url\":\"https:\/\/pppopoczno.pl\/\",\"logo\":{\"@type\":\"ImageObject\",\"inLanguage\":\"pl-PL\",\"@id\":\"https:\/\/pppopoczno.pl\/#\/schema\/logo\/image\/\",\"url\":\"\",\"contentUrl\":\"\",\"caption\":\"Poradnia Psychologiczno-Pedagogiczna w Opocznie z fili\u0105 w Drzewicy\"},\"image\":{\"@id\":\"https:\/\/pppopoczno.pl\/#\/schema\/logo\/image\/\"}},{\"@type\":\"Person\",\"@id\":\"https:\/\/pppopoczno.pl\/#\/schema\/person\/be528a9b182354facc9629bb9c3d792f\",\"name\":\"admin\",\"image\":{\"@type\":\"ImageObject\",\"inLanguage\":\"pl-PL\",\"@id\":\"https:\/\/pppopoczno.pl\/#\/schema\/person\/image\/\",\"url\":\"https:\/\/secure.gravatar.com\/avatar\/417e349a5b751537e909d25725ed2ea5bccc94139a30d2fb92eccb24c091167d?s=96&d=mm&r=g\",\"contentUrl\":\"https:\/\/secure.gravatar.com\/avatar\/417e349a5b751537e909d25725ed2ea5bccc94139a30d2fb92eccb24c091167d?s=96&d=mm&r=g\",\"caption\":\"admin\"},\"sameAs\":[\"http:\/\/pppopoczno.pl\"],\"url\":\"https:\/\/pppopoczno.pl\/?author=1\"}]}<\/script>\n<!-- \/ Yoast SEO plugin. -->","yoast_head_json":{"title":"Nagroda \u0141\u00f3dzkiego Kuratora O\u015bwiaty - Poradnia Psychologiczno-Pedagogiczna w Opocznie z fili\u0105 w Drzewicy","robots":{"index":"index","follow":"follow","max-snippet":"max-snippet:-1","max-image-preview":"max-image-preview:large","max-video-preview":"max-video-preview:-1"},"canonical":"https:\/\/pppopoczno.pl\/?p=244","og_locale":"pl_PL","og_type":"article","og_title":"Nagroda \u0141\u00f3dzkiego Kuratora O\u015bwiaty - Poradnia Psychologiczno-Pedagogiczna w Opocznie z fili\u0105 w Drzewicy","og_description":"Gratulacje dla Renaty Jach, psychologa PPP w Opocznie, kt\u00f3ra \u00a0z okazji Dnia Komisji Edukacji Narodowej otrzyma\u0142a nagrod\u0119 \u0141\u00f3dzkiego Kuratora O\u015bwiaty.","og_url":"https:\/\/pppopoczno.pl\/?p=244","og_site_name":"Poradnia Psychologiczno-Pedagogiczna w Opocznie z fili\u0105 w Drzewicy","article_published_time":"2022-10-15T10:08:58+00:00","article_modified_time":"2023-02-28T11:58:19+00:00","og_image":[{"url":"https:\/\/pppopoczno.pl\/wp-content\/uploads\/2023\/02\/002-249x300.jpg","type":"","width":"","height":""}],"author":"admin","twitter_card":"summary_large_image","twitter_misc":{"Napisane przez":"admin","Szacowany czas czytania":"1 minuta"},"schema":{"@context":"https:\/\/schema.org","@graph":[{"@type":"Article","@id":"https:\/\/pppopoczno.pl\/?p=244#article","isPartOf":{"@id":"https:\/\/pppopoczno.pl\/?p=244"},"author":{"name":"admin","@id":"https:\/\/pppopoczno.pl\/#\/schema\/person\/be528a9b182354facc9629bb9c3d792f"},"headline":"Nagroda \u0141\u00f3dzkiego Kuratora O\u015bwiaty","datePublished":"2022-10-15T10:08:58+00:00","dateModified":"2023-02-28T11:58:19+00:00","mainEntityOfPage":{"@id":"https:\/\/pppopoczno.pl\/?p=244"},"wordCount":33,"publisher":{"@id":"https:\/\/pppopoczno.pl\/#organization"},"articleSection":["G\u0141\u00d3WNA (aktualno\u015bci)"],"inLanguage":"pl-PL"},{"@type":"WebPage","@id":"https:\/\/pppopoczno.pl\/?p=244","url":"https:\/\/pppopoczno.pl\/?p=244","name":"Nagroda \u0141\u00f3dzkiego Kuratora O\u015bwiaty - Poradnia Psychologiczno-Pedagogiczna w Opocznie z fili\u0105 w Drzewicy","isPartOf":{"@id":"https:\/\/pppopoczno.pl\/#website"},"datePublished":"2022-10-15T10:08:58+00:00","dateModified":"2023-02-28T11:58:19+00:00","inLanguage":"pl-PL","potentialAction":[{"@type":"ReadAction","target":["https:\/\/pppopoczno.pl\/?p=244"]}]},{"@type":"WebSite","@id":"https:\/\/pppopoczno.pl\/#website","url":"https:\/\/pppopoczno.pl\/","name":"Poradnia Psychologiczno-Pedagogiczna w Opocznie z fili\u0105 w Drzewicy","description":"&quot;Cz\u0142owiek jest tyle wart, ile mo\u017ce da\u0107 drugiemu cz\u0142owiekowi&quot; \u2013 Jan Pawe\u0142 II","publisher":{"@id":"https:\/\/pppopoczno.pl\/#organization"},"potentialAction":[{"@type":"SearchAction","target":{"@type":"EntryPoint","urlTemplate":"https:\/\/pppopoczno.pl\/?s={search_term_string}"},"query-input":{"@type":"PropertyValueSpecification","valueRequired":true,"valueName":"search_term_string"}}],"inLanguage":"pl-PL"},{"@type":"Organization","@id":"https:\/\/pppopoczno.pl\/#organization","name":"Poradnia Psychologiczno-Pedagogiczna w Opocznie z fili\u0105 w Drzewicy","url":"https:\/\/pppopoczno.pl\/","logo":{"@type":"ImageObject","inLanguage":"pl-PL","@id":"https:\/\/pppopoczno.pl\/#\/schema\/logo\/image\/","url":"","contentUrl":"","caption":"Poradnia Psychologiczno-Pedagogiczna w Opocznie z fili\u0105 w Drzewicy"},"image":{"@id":"https:\/\/pppopoczno.pl\/#\/schema\/logo\/image\/"}},{"@type":"Person","@id":"https:\/\/pppopoczno.pl\/#\/schema\/person\/be528a9b182354facc9629bb9c3d792f","name":"admin","image":{"@type":"ImageObject","inLanguage":"pl-PL","@id":"https:\/\/pppopoczno.pl\/#\/schema\/person\/image\/","url":"https:\/\/secure.gravatar.com\/avatar\/417e349a5b751537e909d25725ed2ea5bccc94139a30d2fb92eccb24c091167d?s=96&d=mm&r=g","contentUrl":"https:\/\/secure.gravatar.com\/avatar\/417e349a5b751537e909d25725ed2ea5bccc94139a30d2fb92eccb24c091167d?s=96&d=mm&r=g","caption":"admin"},"sameAs":["http:\/\/pppopoczno.pl"],"url":"https:\/\/pppopoczno.pl\/?author=1"}]}},"_links":{"self":[{"href":"https:\/\/pppopoczno.pl\/index.php?rest_route=\/wp\/v2\/posts\/244","targetHints":{"allow":["GET"]}}],"collection":[{"href":"https:\/\/pppopoczno.pl\/index.php?rest_route=\/wp\/v2\/posts"}],"about":[{"href":"https:\/\/pppopoczno.pl\/index.php?rest_route=\/wp\/v2\/types\/post"}],"author":[{"embeddable":true,"href":"https:\/\/pppopoczno.pl\/index.php?rest_route=\/wp\/v2\/users\/1"}],"replies":[{"embeddable":true,"href":"https:\/\/pppopoczno.pl\/index.php?rest_route=%2Fwp%2Fv2%2Fcomments&post=244"}],"version-history":[{"count":5,"href":"https:\/\/pppopoczno.pl\/index.php?rest_route=\/wp\/v2\/posts\/244\/revisions"}],"predecessor-version":[{"id":251,"href":"https:\/\/pppopoczno.pl\/index.php?rest_route=\/wp\/v2\/posts\/244\/revisions\/251"}],"wp:attachment":[{"href":"https:\/\/pppopoczno.pl\/index.php?rest_route=%2Fwp%2Fv2%2Fmedia&parent=244"}],"wp:term":[{"taxonomy":"category","embeddable":true,"href":"https:\/\/pppopoczno.pl\/index.php?rest_route=%2Fwp%2Fv2%2Fcategories&post=244"},{"taxonomy":"post_tag","embeddable":true,"href":"https:\/\/pppopoczno.pl\/index.php?rest_route=%2Fwp%2Fv2%2Ftags&post=244"}],"curies":[{"name":"wp","href":"https:\/\/api.w.org\/{rel}","templated":true}]}}